{"id":4189,"date":"2026-04-24T13:19:17","date_gmt":"2026-04-24T11:19:17","guid":{"rendered":"https:\/\/globalportalnews.com\/es\/?p=4189"},"modified":"2026-04-24T13:20:58","modified_gmt":"2026-04-24T11:20:58","slug":"peter-mandelson-el-corta-fuegos-de-starmer-en-la-casa-blanca-que-acabaria-incendiando-downing-street","status":"publish","type":"post","link":"https:\/\/globalportalnews.com\/es\/opinion\/peter-mandelson-el-corta-fuegos-de-starmer-en-la-casa-blanca-que-acabaria-incendiando-downing-street\/","title":{"rendered":"Peter Mandelson, el corta fuegos de Starmer en la Casa Blanca que acabar\u00eda incendiando Downing Street."},"content":{"rendered":"\t\t<div data-elementor-type=\"wp-post\" data-elementor-id=\"4189\" class=\"elementor elementor-4189\">\n\t\t\t\t<div class=\"elementor-element elementor-element-7d55ca2 e-flex e-con-boxed e-con e-parent\" data-id=\"7d55ca2\" data-element_type=\"container\" data-e-type=\"container\">\n\t\t\t\t\t<div class=\"e-con-inner\">\n\t\t\t\t<div class=\"elementor-element elementor-element-24cb96e elementor-widget elementor-widget-text-editor\" data-id=\"24cb96e\" data-element_type=\"widget\" data-e-type=\"widget\" data-widget_type=\"text-editor.default\">\n\t\t\t\t<div class=\"elementor-widget-container\">\n\t\t\t\t\t\t\t\t\t<p>El agua y el aceite son inmiscibles, imposibles de mezclar, por su propia naturaleza, uno de los dos, el de menor densidad, siempre quedar\u00e1 arriba.<\/p><p><a href=\"https:\/\/globalportalnews.com\/es\/noticias-politica-uk\/starmer-desafia-a-trump-por-iran-y-gana-apoyo-en-reino-unido-mientras-crece-el-rechazo-a-otra-guerra-en-oriente-medio\/\">A Starmer y Trump<\/a> les pasa lo mismo, por mucho que el bueno de Sir Keir se empe\u00f1e en referirse a \u00e9l como Donald, esta diferencia de consistencias es insalvable.<\/p><p>Ante esto, Starmer debi\u00f3 de pensar que las situaciones complejas requieren, incluso para los tipos m\u00e1s prudentes, decisiones arriesgadas. Solo as\u00ed se podr\u00eda entender c\u00f3mo ha terminado Keir envuelto en el barullo de Epstein, los bajos fondos de Mandelson y la tediosa Whitehall y sus protocolos centenarios.<\/p>\t\t\t\t\t\t\t\t<\/div>\n\t\t\t\t<\/div>\n\t\t\t\t\t<\/div>\n\t\t\t\t<\/div>\n\t\t<div class=\"elementor-element elementor-element-e6b0874 e-flex e-con-boxed e-con e-parent\" data-id=\"e6b0874\" data-element_type=\"container\" data-e-type=\"container\">\n\t\t\t\t\t<div class=\"e-con-inner\">\n\t\t\t\t<div class=\"elementor-element elementor-element-9e14941 elementor-widget elementor-widget-image\" data-id=\"9e14941\" data-element_type=\"widget\" data-e-type=\"widget\" data-widget_type=\"image.default\">\n\t\t\t\t<div class=\"elementor-widget-container\">\n\t\t\t\t\t\t\t\t\t\t\t\t\t\t\t<img fetchpriority=\"high\" decoding=\"async\" width=\"1024\" height=\"720\" src=\"https:\/\/globalportalnews.com\/es\/wp-content\/uploads\/sites\/2\/2026\/03\/Donald_Trump_motorcades_with_United_Kingdom_Prime_Minister_Keir_Starmer_en_route_to_Glasgow_Prestwick_Airport_Scotland_on_Monday_July_28_2025_cropped-1-1024x720.webp\" class=\"attachment-large size-large wp-image-3426\" alt=\"El presidente Donald Trump acompa\u00f1a en su caravana al primer ministro del Reino Unido, Keir Starmer, desde el campo de golf Trump Turnberry en Turnberry, camino al Aeropuerto de Glasgow Prestwick, Escocia. Lunes 28 de julio de 2025. (Foto oficial de la Casa Blanca por Daniel Torok)\" srcset=\"https:\/\/globalportalnews.com\/es\/wp-content\/uploads\/sites\/2\/2026\/03\/Donald_Trump_motorcades_with_United_Kingdom_Prime_Minister_Keir_Starmer_en_route_to_Glasgow_Prestwick_Airport_Scotland_on_Monday_July_28_2025_cropped-1-1024x720.webp 1024w, https:\/\/globalportalnews.com\/es\/wp-content\/uploads\/sites\/2\/2026\/03\/Donald_Trump_motorcades_with_United_Kingdom_Prime_Minister_Keir_Starmer_en_route_to_Glasgow_Prestwick_Airport_Scotland_on_Monday_July_28_2025_cropped-1-300x211.webp 300w, https:\/\/globalportalnews.com\/es\/wp-content\/uploads\/sites\/2\/2026\/03\/Donald_Trump_motorcades_with_United_Kingdom_Prime_Minister_Keir_Starmer_en_route_to_Glasgow_Prestwick_Airport_Scotland_on_Monday_July_28_2025_cropped-1-768x540.webp 768w, https:\/\/globalportalnews.com\/es\/wp-content\/uploads\/sites\/2\/2026\/03\/Donald_Trump_motorcades_with_United_Kingdom_Prime_Minister_Keir_Starmer_en_route_to_Glasgow_Prestwick_Airport_Scotland_on_Monday_July_28_2025_cropped-1-332x233.webp 332w, https:\/\/globalportalnews.com\/es\/wp-content\/uploads\/sites\/2\/2026\/03\/Donald_Trump_motorcades_with_United_Kingdom_Prime_Minister_Keir_Starmer_en_route_to_Glasgow_Prestwick_Airport_Scotland_on_Monday_July_28_2025_cropped-1-664x467.webp 664w, https:\/\/globalportalnews.com\/es\/wp-content\/uploads\/sites\/2\/2026\/03\/Donald_Trump_motorcades_with_United_Kingdom_Prime_Minister_Keir_Starmer_en_route_to_Glasgow_Prestwick_Airport_Scotland_on_Monday_July_28_2025_cropped-1-688x484.webp 688w, https:\/\/globalportalnews.com\/es\/wp-content\/uploads\/sites\/2\/2026\/03\/Donald_Trump_motorcades_with_United_Kingdom_Prime_Minister_Keir_Starmer_en_route_to_Glasgow_Prestwick_Airport_Scotland_on_Monday_July_28_2025_cropped-1-1044x734.webp 1044w, https:\/\/globalportalnews.com\/es\/wp-content\/uploads\/sites\/2\/2026\/03\/Donald_Trump_motorcades_with_United_Kingdom_Prime_Minister_Keir_Starmer_en_route_to_Glasgow_Prestwick_Airport_Scotland_on_Monday_July_28_2025_cropped-1.webp 1280w\" sizes=\"(max-width: 1024px) 100vw, 1024px\" \/>\t\t\t\t\t\t\t\t\t\t\t\t\t\t\t<\/div>\n\t\t\t\t<\/div>\n\t\t\t\t\t<\/div>\n\t\t\t\t<\/div>\n\t\t<div class=\"elementor-element elementor-element-fb6ffa3 e-flex e-con-boxed e-con e-parent\" data-id=\"fb6ffa3\" data-element_type=\"container\" data-e-type=\"container\">\n\t\t\t\t\t<div class=\"e-con-inner\">\n\t\t\t\t<div class=\"elementor-element elementor-element-70c2e52 elementor-widget elementor-widget-testimonial\" data-id=\"70c2e52\" data-element_type=\"widget\" data-e-type=\"widget\" data-widget_type=\"testimonial.default\">\n\t\t\t\t<div class=\"elementor-widget-container\">\n\t\t\t\t\t\t\t<div class=\"elementor-testimonial-wrapper\">\n\t\t\t\t\t\t\t<div class=\"elementor-testimonial-content\">Mantener, al menos las apariencias, era una obsesiva prioridad de Starmer y recurri\u00f3 a dos aliados arriesgados.<\/div>\n\t\t\t\n\t\t\t\t\t<\/div>\n\t\t\t\t\t\t<\/div>\n\t\t\t\t<\/div>\n\t\t\t\t<div class=\"elementor-element elementor-element-2da93ec elementor-widget elementor-widget-text-editor\" data-id=\"2da93ec\" data-element_type=\"widget\" data-e-type=\"widget\" data-widget_type=\"text-editor.default\">\n\t\t\t\t<div class=\"elementor-widget-container\">\n\t\t\t\t\t\t\t\t\t<p>La relaci\u00f3n entre US y UK no es una relaci\u00f3n bilateral m\u00e1s. Hay pocas comparables en el mundo. Es un v\u00ednculo hist\u00f3rico que ambos pa\u00edses han trabajado y cultivado desde su consolidaci\u00f3n en los momentos m\u00e1s oscuros de la segunda guerra mundial.<\/p><p>Mantener, al menos las apariencias, era una obsesiva prioridad de Starmer y recurri\u00f3 a dos aliados arriesgados, pero potencialmente muy efectivos para conseguirlo, Peter Mandelson y el rey de Inglaterra.<\/p>\t\t\t\t\t\t\t\t<\/div>\n\t\t\t\t<\/div>\n\t\t\t\t\t<\/div>\n\t\t\t\t<\/div>\n\t\t<div class=\"elementor-element elementor-element-1abdff4 e-flex e-con-boxed e-con e-parent\" data-id=\"1abdff4\" data-element_type=\"container\" data-e-type=\"container\">\n\t\t\t\t\t<div class=\"e-con-inner\">\n\t\t\t\t<div class=\"elementor-element elementor-element-e18c1ba elementor-widget elementor-widget-heading\" data-id=\"e18c1ba\" data-element_type=\"widget\" data-e-type=\"widget\" data-widget_type=\"heading.default\">\n\t\t\t\t<div class=\"elementor-widget-container\">\n\t\t\t\t\t<h2 class=\"elementor-heading-title elementor-size-default\">Peter Mandelson, el corta fuegos de Starmer.<\/h2>\t\t\t\t<\/div>\n\t\t\t\t<\/div>\n\t\t\t\t\t<\/div>\n\t\t\t\t<\/div>\n\t\t<div class=\"elementor-element elementor-element-f927925 e-flex e-con-boxed e-con e-parent\" data-id=\"f927925\" data-element_type=\"container\" data-e-type=\"container\">\n\t\t\t\t\t<div class=\"e-con-inner\">\n\t\t\t\t<div class=\"elementor-element elementor-element-5b47434 elementor-widget elementor-widget-text-editor\" data-id=\"5b47434\" data-element_type=\"widget\" data-e-type=\"widget\" data-widget_type=\"text-editor.default\">\n\t\t\t\t<div class=\"elementor-widget-container\">\n\t\t\t\t\t\t\t\t\t<p>Starmer no se podr\u00eda permitir poner en US un embajador que pudiera encajar f\u00e1cilmente en su equipo de Gobierno, ser\u00eda b\u00e1sicamente agua. La hip\u00e9rbole naranja se lo terminar\u00eda merendando al m\u00ednimo contacto como quien engulle una cheese burger.<\/p>\t\t\t\t\t\t\t\t<\/div>\n\t\t\t\t<\/div>\n\t\t\t\t\t<\/div>\n\t\t\t\t<\/div>\n\t\t<div class=\"elementor-element elementor-element-074310c e-flex e-con-boxed e-con e-parent\" data-id=\"074310c\" data-element_type=\"container\" data-e-type=\"container\">\n\t\t\t\t\t<div class=\"e-con-inner\">\n\t\t\t\t<div class=\"elementor-element elementor-element-e9bf25e elementor-widget elementor-widget-testimonial\" data-id=\"e9bf25e\" data-element_type=\"widget\" data-e-type=\"widget\" data-widget_type=\"testimonial.default\">\n\t\t\t\t<div class=\"elementor-widget-container\">\n\t\t\t\t\t\t\t<div class=\"elementor-testimonial-wrapper\">\n\t\t\t\t\t\t\t<div class=\"elementor-testimonial-content\">Los tipejos viscosos como Mandelson siempre est\u00e1n m\u00e1s pringados de lo que confiesan.<\/div>\n\t\t\t\n\t\t\t\t\t<\/div>\n\t\t\t\t\t\t<\/div>\n\t\t\t\t<\/div>\n\t\t\t\t\t<\/div>\n\t\t\t\t<\/div>\n\t\t<div class=\"elementor-element elementor-element-216c50a e-flex e-con-boxed e-con e-parent\" data-id=\"216c50a\" data-element_type=\"container\" data-e-type=\"container\">\n\t\t\t\t\t<div class=\"e-con-inner\">\n\t\t\t\t<div class=\"elementor-element elementor-element-4ebe57f elementor-widget elementor-widget-text-editor\" data-id=\"4ebe57f\" data-element_type=\"widget\" data-e-type=\"widget\" data-widget_type=\"text-editor.default\">\n\t\t\t\t<div class=\"elementor-widget-container\">\n\t\t\t\t\t\t\t\t\t<p>Hac\u00eda falta alguien m\u00e1s viscoso, con menos consistencia, m\u00e1s sibilino, un pr\u00edncipe de las tinieblas que pudiera susurrar al o\u00eddo de Donald cosas que Starmer jam\u00e1s se atrever\u00eda ni siquiera a pensar.<\/p><p><a href=\"https:\/\/globalportalnews.com\/es\/noticias-politica-uk\/keir-starmer-peter-mandelson-veto-seguridad-crisis-reino-unido\/\">En ese entorno brumoso encajaba a la perfecci\u00f3n Lord Peter Mandelson<\/a>, conocido por su tendencia a la manipulaci\u00f3n y sus habilidades para ejercer el poder en la sombra.<\/p><p>Ser\u00eda su corta fuegos en Washington, el encargado de apaciguar la verborrea de Trump, de allanar el camino de las visitas oficiales, de encarrilar los acuerdos, de\u2026bueno, de lo que sea necesario con tal de aparentar buenas relaciones.<\/p><p>El plan, aunque arriesgado, podr\u00eda haber funcionado, si no fuera porque los tipejos viscosos como Mandelson siempre est\u00e1n m\u00e1s pringados de lo que confiesan.<\/p>\t\t\t\t\t\t\t\t<\/div>\n\t\t\t\t<\/div>\n\t\t\t\t\t<\/div>\n\t\t\t\t<\/div>\n\t\t<div class=\"elementor-element elementor-element-adb7f79 e-flex e-con-boxed e-con e-parent\" data-id=\"adb7f79\" data-element_type=\"container\" data-e-type=\"container\">\n\t\t\t\t\t<div class=\"e-con-inner\">\n\t\t\t\t<div class=\"elementor-element elementor-element-417f498 elementor-widget elementor-widget-image\" data-id=\"417f498\" data-element_type=\"widget\" data-e-type=\"widget\" data-widget_type=\"image.default\">\n\t\t\t\t<div class=\"elementor-widget-container\">\n\t\t\t\t\t\t\t\t\t\t\t\t\t\t\t<img decoding=\"async\" width=\"1024\" height=\"678\" src=\"https:\/\/globalportalnews.com\/es\/wp-content\/uploads\/sites\/2\/2026\/02\/Lord_Mandelson2-1024x678.webp\" class=\"attachment-large size-large wp-image-3304\" alt=\"Peter Mandelson, miembro del Comit\u00e9 Ejecutivo encargado de Comercio Fecha: 7 de diciembre de 2004\" srcset=\"https:\/\/globalportalnews.com\/es\/wp-content\/uploads\/sites\/2\/2026\/02\/Lord_Mandelson2-1024x678.webp 1024w, https:\/\/globalportalnews.com\/es\/wp-content\/uploads\/sites\/2\/2026\/02\/Lord_Mandelson2-300x199.webp 300w, https:\/\/globalportalnews.com\/es\/wp-content\/uploads\/sites\/2\/2026\/02\/Lord_Mandelson2-768x509.webp 768w, https:\/\/globalportalnews.com\/es\/wp-content\/uploads\/sites\/2\/2026\/02\/Lord_Mandelson2-332x220.webp 332w, https:\/\/globalportalnews.com\/es\/wp-content\/uploads\/sites\/2\/2026\/02\/Lord_Mandelson2-664x440.webp 664w, https:\/\/globalportalnews.com\/es\/wp-content\/uploads\/sites\/2\/2026\/02\/Lord_Mandelson2-688x456.webp 688w, https:\/\/globalportalnews.com\/es\/wp-content\/uploads\/sites\/2\/2026\/02\/Lord_Mandelson2-1044x692.webp 1044w, https:\/\/globalportalnews.com\/es\/wp-content\/uploads\/sites\/2\/2026\/02\/Lord_Mandelson2.webp 1280w\" sizes=\"(max-width: 1024px) 100vw, 1024px\" \/>\t\t\t\t\t\t\t\t\t\t\t\t\t\t\t<\/div>\n\t\t\t\t<\/div>\n\t\t\t\t\t<\/div>\n\t\t\t\t<\/div>\n\t\t<div class=\"elementor-element elementor-element-eec5ac9 e-flex e-con-boxed e-con e-parent\" data-id=\"eec5ac9\" data-element_type=\"container\" data-e-type=\"container\">\n\t\t\t\t\t<div class=\"e-con-inner\">\n\t\t\t\t<div class=\"elementor-element elementor-element-492431e elementor-widget elementor-widget-testimonial\" data-id=\"492431e\" data-element_type=\"widget\" data-e-type=\"widget\" data-widget_type=\"testimonial.default\">\n\t\t\t\t<div class=\"elementor-widget-container\">\n\t\t\t\t\t\t\t<div class=\"elementor-testimonial-wrapper\">\n\t\t\t\t\t\t\t<div class=\"elementor-testimonial-content\">A Trump le dir\u00eda todo lo que quer\u00eda o\u00edr, a Starmer le ocultar\u00eda todo lo que tem\u00eda saber, y tan felices. <\/div>\n\t\t\t\n\t\t\t\t\t<\/div>\n\t\t\t\t\t\t<\/div>\n\t\t\t\t<\/div>\n\t\t\t\t\t<\/div>\n\t\t\t\t<\/div>\n\t\t<div class=\"elementor-element elementor-element-957f0ff e-flex e-con-boxed e-con e-parent\" data-id=\"957f0ff\" data-element_type=\"container\" data-e-type=\"container\">\n\t\t\t\t\t<div class=\"e-con-inner\">\n\t\t\t\t<div class=\"elementor-element elementor-element-9aa928a elementor-widget elementor-widget-text-editor\" data-id=\"9aa928a\" data-element_type=\"widget\" data-e-type=\"widget\" data-widget_type=\"text-editor.default\">\n\t\t\t\t<div class=\"elementor-widget-container\">\n\t\t\t\t\t\t\t\t\t<p>Pero la idea, hay que reconocer que ten\u00eda fundamentos y podr\u00eda considerarse hasta necesaria, si obviamos que Mandelson hab\u00eda mentido en lo relativo a sus relaciones con Epstein, y que podr\u00eda haber cometido supuestamente delitos graves de alta traici\u00f3n al pa\u00eds, entre otras cosas, en el fondo, no parec\u00eda descabellada.<\/p><p>A Trump le dir\u00eda todo lo que quer\u00eda o\u00edr, a Starmer le ocultar\u00eda todo lo que tem\u00eda saber, y tan felices.<\/p><p>Mandelson convertir\u00eda las visitas de Starmer a la Casa Blanca en poco menos que una despedida de soltero posh: chistes, chascarrillos superficiales, protocolo de trampantojo y una fachada endeble e insostenible de cooperaci\u00f3n institucional que solo funciona si se mira desde un \u00e1ngulo muy preciso, como pasa con el frontal del tren de la bruja que recorre los pueblos en fiestas.<\/p>\t\t\t\t\t\t\t\t<\/div>\n\t\t\t\t<\/div>\n\t\t\t\t\t<\/div>\n\t\t\t\t<\/div>\n\t\t<div class=\"elementor-element elementor-element-35d7316 e-flex e-con-boxed e-con e-parent\" data-id=\"35d7316\" data-element_type=\"container\" data-e-type=\"container\">\n\t\t\t\t\t<div class=\"e-con-inner\">\n\t\t\t\t<div class=\"elementor-element elementor-element-2bd430b elementor-widget elementor-widget-image\" data-id=\"2bd430b\" data-element_type=\"widget\" data-e-type=\"widget\" data-widget_type=\"image.default\">\n\t\t\t\t<div class=\"elementor-widget-container\">\n\t\t\t\t\t\t\t\t\t\t\t\t\t\t\t<img decoding=\"async\" width=\"1024\" height=\"575\" src=\"https:\/\/globalportalnews.com\/es\/wp-content\/uploads\/sites\/2\/2026\/02\/President_Donald_Trump_participates_in_a_credentialing_ceremony_with_Ambassadors_to_the_U.S._54589120681-1024x575.webp\" class=\"attachment-large size-large wp-image-2660\" alt=\"El presidente Donald Trump participa en una ceremonia de acreditaci\u00f3n con los embajadores en Estados Unidos, el mi\u00e9rcoles 11 de junio de 2025, en el Despacho Oval. (Foto oficial de la Casa Blanca por Daniel Torok)\" srcset=\"https:\/\/globalportalnews.com\/es\/wp-content\/uploads\/sites\/2\/2026\/02\/President_Donald_Trump_participates_in_a_credentialing_ceremony_with_Ambassadors_to_the_U.S._54589120681-1024x575.webp 1024w, https:\/\/globalportalnews.com\/es\/wp-content\/uploads\/sites\/2\/2026\/02\/President_Donald_Trump_participates_in_a_credentialing_ceremony_with_Ambassadors_to_the_U.S._54589120681-300x169.webp 300w, https:\/\/globalportalnews.com\/es\/wp-content\/uploads\/sites\/2\/2026\/02\/President_Donald_Trump_participates_in_a_credentialing_ceremony_with_Ambassadors_to_the_U.S._54589120681-768x432.webp 768w, https:\/\/globalportalnews.com\/es\/wp-content\/uploads\/sites\/2\/2026\/02\/President_Donald_Trump_participates_in_a_credentialing_ceremony_with_Ambassadors_to_the_U.S._54589120681-1536x863.webp 1536w, https:\/\/globalportalnews.com\/es\/wp-content\/uploads\/sites\/2\/2026\/02\/President_Donald_Trump_participates_in_a_credentialing_ceremony_with_Ambassadors_to_the_U.S._54589120681-332x187.webp 332w, https:\/\/globalportalnews.com\/es\/wp-content\/uploads\/sites\/2\/2026\/02\/President_Donald_Trump_participates_in_a_credentialing_ceremony_with_Ambassadors_to_the_U.S._54589120681-664x373.webp 664w, https:\/\/globalportalnews.com\/es\/wp-content\/uploads\/sites\/2\/2026\/02\/President_Donald_Trump_participates_in_a_credentialing_ceremony_with_Ambassadors_to_the_U.S._54589120681-688x387.webp 688w, https:\/\/globalportalnews.com\/es\/wp-content\/uploads\/sites\/2\/2026\/02\/President_Donald_Trump_participates_in_a_credentialing_ceremony_with_Ambassadors_to_the_U.S._54589120681-1376x774.webp 1376w, https:\/\/globalportalnews.com\/es\/wp-content\/uploads\/sites\/2\/2026\/02\/President_Donald_Trump_participates_in_a_credentialing_ceremony_with_Ambassadors_to_the_U.S._54589120681-1044x587.webp 1044w, https:\/\/globalportalnews.com\/es\/wp-content\/uploads\/sites\/2\/2026\/02\/President_Donald_Trump_participates_in_a_credentialing_ceremony_with_Ambassadors_to_the_U.S._54589120681-1400x787.webp 1400w, https:\/\/globalportalnews.com\/es\/wp-content\/uploads\/sites\/2\/2026\/02\/President_Donald_Trump_participates_in_a_credentialing_ceremony_with_Ambassadors_to_the_U.S._54589120681.webp 1920w\" sizes=\"(max-width: 1024px) 100vw, 1024px\" \/>\t\t\t\t\t\t\t\t\t\t\t\t\t\t\t<\/div>\n\t\t\t\t<\/div>\n\t\t\t\t\t<\/div>\n\t\t\t\t<\/div>\n\t\t<div class=\"elementor-element elementor-element-d54804e e-flex e-con-boxed e-con e-parent\" data-id=\"d54804e\" data-element_type=\"container\" data-e-type=\"container\">\n\t\t\t\t\t<div class=\"e-con-inner\">\n\t\t\t\t<div class=\"elementor-element elementor-element-472c754 elementor-widget elementor-widget-testimonial\" data-id=\"472c754\" data-element_type=\"widget\" data-e-type=\"widget\" data-widget_type=\"testimonial.default\">\n\t\t\t\t<div class=\"elementor-widget-container\">\n\t\t\t\t\t\t\t<div class=\"elementor-testimonial-wrapper\">\n\t\t\t\t\t\t\t<div class=\"elementor-testimonial-content\">No fue en Washington sino en London donde saltar\u00eda la chispa y la decisi\u00f3n arriesgada termin\u00f3 siendo casi kamikaze.<\/div>\n\t\t\t\n\t\t\t\t\t<\/div>\n\t\t\t\t\t\t<\/div>\n\t\t\t\t<\/div>\n\t\t\t\t<div class=\"elementor-element elementor-element-ba169be elementor-widget elementor-widget-text-editor\" data-id=\"ba169be\" data-element_type=\"widget\" data-e-type=\"widget\" data-widget_type=\"text-editor.default\">\n\t\t\t\t<div class=\"elementor-widget-container\">\n\t\t\t\t\t\t\t\t\t<p>Keir les sonreir\u00eda con ojos aterrados, intentando no hacer mucho ruido y regresar cuanto antes a UK blandiendo un papelito endeble de relaci\u00f3n especial, amistad y complicidad duradera entre los dos mandatarios.<\/p><p>Pero no fue en Washington sino en London donde saltar\u00eda la chispa y la decisi\u00f3n arriesgada termin\u00f3 siendo casi kamikaze, y a juzgar por las consecuencias pol\u00edticas que est\u00e1 teniendo, incluso suicida.<\/p>\t\t\t\t\t\t\t\t<\/div>\n\t\t\t\t<\/div>\n\t\t\t\t\t<\/div>\n\t\t\t\t<\/div>\n\t\t<div class=\"elementor-element elementor-element-6c3514b e-flex e-con-boxed e-con e-parent\" data-id=\"6c3514b\" data-element_type=\"container\" data-e-type=\"container\">\n\t\t\t\t\t<div class=\"e-con-inner\">\n\t\t\t\t<div class=\"elementor-element elementor-element-169d633 elementor-widget elementor-widget-heading\" data-id=\"169d633\" data-element_type=\"widget\" data-e-type=\"widget\" data-widget_type=\"heading.default\">\n\t\t\t\t<div class=\"elementor-widget-container\">\n\t\t\t\t\t<h2 class=\"elementor-heading-title elementor-size-default\">Pero, \u00bfy el rey, el de Inglaterra, qu\u00e9 pinta en todo esto?<\/h2>\t\t\t\t<\/div>\n\t\t\t\t<\/div>\n\t\t\t\t\t<\/div>\n\t\t\t\t<\/div>\n\t\t<div class=\"elementor-element elementor-element-963bea6 e-flex e-con-boxed e-con e-parent\" data-id=\"963bea6\" data-element_type=\"container\" data-e-type=\"container\">\n\t\t\t\t\t<div class=\"e-con-inner\">\n\t\t\t\t<div class=\"elementor-element elementor-element-8767871 elementor-widget elementor-widget-text-editor\" data-id=\"8767871\" data-element_type=\"widget\" data-e-type=\"widget\" data-widget_type=\"text-editor.default\">\n\t\t\t\t<div class=\"elementor-widget-container\">\n\t\t\t\t\t\t\t\t\t<p>Carlos III era la segunda gran baza de Starmer y la \u00fanica que a\u00fan le queda.<\/p><p>En la mentalidad infantiloide y megal\u00f3mana de Trump existe una confesa fascinaci\u00f3n por la familia real brit\u00e1nica y muy especialmente por la figura del rey Carlos de Inglaterra, \u201cthe one who cuts the cod\u201d en el mundillo m\u00e1gico de reyes y castillos sobre los que Trump fantasea y anhela pertenecer.<\/p>\t\t\t\t\t\t\t\t<\/div>\n\t\t\t\t<\/div>\n\t\t\t\t\t<\/div>\n\t\t\t\t<\/div>\n\t\t<div class=\"elementor-element elementor-element-a0d8ee9 e-flex e-con-boxed e-con e-parent\" data-id=\"a0d8ee9\" data-element_type=\"container\" data-e-type=\"container\">\n\t\t\t\t\t<div class=\"e-con-inner\">\n\t\t\t\t<div class=\"elementor-element elementor-element-0888354 elementor-widget elementor-widget-image\" data-id=\"0888354\" data-element_type=\"widget\" data-e-type=\"widget\" data-widget_type=\"image.default\">\n\t\t\t\t<div class=\"elementor-widget-container\">\n\t\t\t\t\t\t\t\t\t\t\t\t\t\t\t<img loading=\"lazy\" decoding=\"async\" width=\"1024\" height=\"769\" src=\"https:\/\/globalportalnews.com\/es\/wp-content\/uploads\/sites\/2\/2025\/10\/President_Trump_at_St._Jamess_Palace_48000863521-2-1024x769.webp\" class=\"attachment-large size-large wp-image-2432\" alt=\"El presidente Donald J. Trump es recibido por Su Alteza Real el Pr\u00edncipe Andr\u00e9s a las afueras del Palacio de St. James en Londres el martes 4 de junio de 2019, camino al n\u00famero 10 de Downing Street.\" srcset=\"https:\/\/globalportalnews.com\/es\/wp-content\/uploads\/sites\/2\/2025\/10\/President_Trump_at_St._Jamess_Palace_48000863521-2-1024x769.webp 1024w, https:\/\/globalportalnews.com\/es\/wp-content\/uploads\/sites\/2\/2025\/10\/President_Trump_at_St._Jamess_Palace_48000863521-2-300x225.webp 300w, https:\/\/globalportalnews.com\/es\/wp-content\/uploads\/sites\/2\/2025\/10\/President_Trump_at_St._Jamess_Palace_48000863521-2-768x577.webp 768w, https:\/\/globalportalnews.com\/es\/wp-content\/uploads\/sites\/2\/2025\/10\/President_Trump_at_St._Jamess_Palace_48000863521-2-332x249.webp 332w, https:\/\/globalportalnews.com\/es\/wp-content\/uploads\/sites\/2\/2025\/10\/President_Trump_at_St._Jamess_Palace_48000863521-2-664x498.webp 664w, https:\/\/globalportalnews.com\/es\/wp-content\/uploads\/sites\/2\/2025\/10\/President_Trump_at_St._Jamess_Palace_48000863521-2-688x516.webp 688w, https:\/\/globalportalnews.com\/es\/wp-content\/uploads\/sites\/2\/2025\/10\/President_Trump_at_St._Jamess_Palace_48000863521-2-1044x784.webp 1044w, https:\/\/globalportalnews.com\/es\/wp-content\/uploads\/sites\/2\/2025\/10\/President_Trump_at_St._Jamess_Palace_48000863521-2.webp 1067w\" sizes=\"(max-width: 1024px) 100vw, 1024px\" \/>\t\t\t\t\t\t\t\t\t\t\t\t\t\t\t<\/div>\n\t\t\t\t<\/div>\n\t\t\t\t\t<\/div>\n\t\t\t\t<\/div>\n\t\t<div class=\"elementor-element elementor-element-64300dd e-flex e-con-boxed e-con e-parent\" data-id=\"64300dd\" data-element_type=\"container\" data-e-type=\"container\">\n\t\t\t\t\t<div class=\"e-con-inner\">\n\t\t\t\t<div class=\"elementor-element elementor-element-c1da9dd elementor-widget elementor-widget-testimonial\" data-id=\"c1da9dd\" data-element_type=\"widget\" data-e-type=\"widget\" data-widget_type=\"testimonial.default\">\n\t\t\t\t<div class=\"elementor-widget-container\">\n\t\t\t\t\t\t\t<div class=\"elementor-testimonial-wrapper\">\n\t\t\t\t\t\t\t<div class=\"elementor-testimonial-content\">Sir Keir est\u00e1 formado en su mayor\u00eda de agua y que en sus interacciones, el m\u00e1s viscoso siempre ha de quedar por encima del otro.<\/div>\n\t\t\t\n\t\t\t\t\t<\/div>\n\t\t\t\t\t\t<\/div>\n\t\t\t\t<\/div>\n\t\t\t\t<div class=\"elementor-element elementor-element-4c397e4 elementor-widget elementor-widget-text-editor\" data-id=\"4c397e4\" data-element_type=\"widget\" data-e-type=\"widget\" data-widget_type=\"text-editor.default\">\n\t\t\t\t<div class=\"elementor-widget-container\">\n\t\t\t\t\t\t\t\t\t<p>Esto qued\u00f3 comprobado de manera patente en la visita de Starmer a la Casa Blanca y la rueda de prensa, el momento m\u00e1s odiado por estadistas de todo el mundo. Para calmar la impredecible impetuosidad de Donald, se sac\u00f3 de la manga nada menos que una carta personal del mism\u00edsimo rey de Inglaterra, invitando personalmente a Trump y se\u00f1ora a una segunda visita oficial a sus reales aposentos, hecho sin precedentes hist\u00f3ricos hasta la fecha.<\/p><p>Y funcion\u00f3, vaya si funcion\u00f3. Trump cogi\u00f3 la carta, gir\u00f3 levemente la cabeza, inspir\u00f3 con solemnidad, y se sinti\u00f3, si cabe, a\u00fan m\u00e1s extraordinario, olvid\u00e1ndose durante el resto de la entrevista que Sir Keir est\u00e1 formado en su mayor\u00eda de agua y que en sus interacciones, el m\u00e1s viscoso siempre ha de quedar por encima del otro.<\/p>\t\t\t\t\t\t\t\t<\/div>\n\t\t\t\t<\/div>\n\t\t\t\t\t<\/div>\n\t\t\t\t<\/div>\n\t\t<div class=\"elementor-element elementor-element-36abc42 e-flex e-con-boxed e-con e-parent\" data-id=\"36abc42\" data-element_type=\"container\" data-e-type=\"container\">\n\t\t\t\t\t<div class=\"e-con-inner\">\n\t\t\t\t<div class=\"elementor-element elementor-element-de9e42f elementor-widget elementor-widget-image\" data-id=\"de9e42f\" data-element_type=\"widget\" data-e-type=\"widget\" data-widget_type=\"image.default\">\n\t\t\t\t<div class=\"elementor-widget-container\">\n\t\t\t\t\t\t\t\t\t\t\t\t\t\t\t<img loading=\"lazy\" decoding=\"async\" width=\"1024\" height=\"576\" src=\"https:\/\/globalportalnews.com\/es\/wp-content\/uploads\/sites\/2\/2026\/03\/Keir_Starmer_Donald_Trump_signing_tech_deal_smiling_UK_state_visit_2025_cropped-1024x576.webp\" class=\"attachment-large size-large wp-image-3465\" alt=\"Keir Starmer y Donald Trump firman un acuerdo juntos, sonriendo. Banderas de Estados Unidos y el Reino Unido, con la palabra DEAL detr\u00e1s.\" srcset=\"https:\/\/globalportalnews.com\/es\/wp-content\/uploads\/sites\/2\/2026\/03\/Keir_Starmer_Donald_Trump_signing_tech_deal_smiling_UK_state_visit_2025_cropped-1024x576.webp 1024w, https:\/\/globalportalnews.com\/es\/wp-content\/uploads\/sites\/2\/2026\/03\/Keir_Starmer_Donald_Trump_signing_tech_deal_smiling_UK_state_visit_2025_cropped-300x169.webp 300w, https:\/\/globalportalnews.com\/es\/wp-content\/uploads\/sites\/2\/2026\/03\/Keir_Starmer_Donald_Trump_signing_tech_deal_smiling_UK_state_visit_2025_cropped-768x432.webp 768w, https:\/\/globalportalnews.com\/es\/wp-content\/uploads\/sites\/2\/2026\/03\/Keir_Starmer_Donald_Trump_signing_tech_deal_smiling_UK_state_visit_2025_cropped-1536x864.webp 1536w, https:\/\/globalportalnews.com\/es\/wp-content\/uploads\/sites\/2\/2026\/03\/Keir_Starmer_Donald_Trump_signing_tech_deal_smiling_UK_state_visit_2025_cropped-332x187.webp 332w, https:\/\/globalportalnews.com\/es\/wp-content\/uploads\/sites\/2\/2026\/03\/Keir_Starmer_Donald_Trump_signing_tech_deal_smiling_UK_state_visit_2025_cropped-664x374.webp 664w, https:\/\/globalportalnews.com\/es\/wp-content\/uploads\/sites\/2\/2026\/03\/Keir_Starmer_Donald_Trump_signing_tech_deal_smiling_UK_state_visit_2025_cropped-688x387.webp 688w, https:\/\/globalportalnews.com\/es\/wp-content\/uploads\/sites\/2\/2026\/03\/Keir_Starmer_Donald_Trump_signing_tech_deal_smiling_UK_state_visit_2025_cropped-1376x774.webp 1376w, https:\/\/globalportalnews.com\/es\/wp-content\/uploads\/sites\/2\/2026\/03\/Keir_Starmer_Donald_Trump_signing_tech_deal_smiling_UK_state_visit_2025_cropped-1044x587.webp 1044w, https:\/\/globalportalnews.com\/es\/wp-content\/uploads\/sites\/2\/2026\/03\/Keir_Starmer_Donald_Trump_signing_tech_deal_smiling_UK_state_visit_2025_cropped-1400x788.webp 1400w, https:\/\/globalportalnews.com\/es\/wp-content\/uploads\/sites\/2\/2026\/03\/Keir_Starmer_Donald_Trump_signing_tech_deal_smiling_UK_state_visit_2025_cropped.webp 1920w\" sizes=\"(max-width: 1024px) 100vw, 1024px\" \/>\t\t\t\t\t\t\t\t\t\t\t\t\t\t\t<\/div>\n\t\t\t\t<\/div>\n\t\t\t\t\t<\/div>\n\t\t\t\t<\/div>\n\t\t<div class=\"elementor-element elementor-element-2a5bd96 e-flex e-con-boxed e-con e-parent\" data-id=\"2a5bd96\" data-element_type=\"container\" data-e-type=\"container\">\n\t\t\t\t\t<div class=\"e-con-inner\">\n\t\t\t\t<div class=\"elementor-element elementor-element-e6e1050 elementor-widget elementor-widget-text-editor\" data-id=\"e6e1050\" data-element_type=\"widget\" data-e-type=\"widget\" data-widget_type=\"text-editor.default\">\n\t\t\t\t<div class=\"elementor-widget-container\">\n\t\t\t\t\t\t\t\t\t<p>Ahora que el fuego se ha saltado la barrera de Mandelson y tiene ardiendo el 10 de Downing Street, Keir utiliza de nuevo la carta del rey para enviarlo de viaje oficial a la Casa Blanca, con la esperanza de que su majestuosidad deslumbre a Donald y ganar tiempo para apaciguar las llamas de una embajada de las tinieblas que podr\u00eda costarle la legislatura.<\/p>\t\t\t\t\t\t\t\t<\/div>\n\t\t\t\t<\/div>\n\t\t\t\t\t<\/div>\n\t\t\t\t<\/div>\n\t\t<div class=\"elementor-element elementor-element-b05f1d6 e-flex e-con-boxed e-con e-parent\" data-id=\"b05f1d6\" data-element_type=\"container\" data-e-type=\"container\">\n\t\t\t\t\t<div class=\"e-con-inner\">\n\t\t\t\t<div class=\"elementor-element elementor-element-47eb4a7 elementor-widget elementor-widget-image\" data-id=\"47eb4a7\" data-element_type=\"widget\" data-e-type=\"widget\" data-widget_type=\"image.default\">\n\t\t\t\t<div class=\"elementor-widget-container\">\n\t\t\t\t\t\t\t\t\t\t\t\t\t\t\t<img loading=\"lazy\" decoding=\"async\" width=\"1024\" height=\"576\" src=\"https:\/\/globalportalnews.com\/es\/wp-content\/uploads\/sites\/2\/2026\/02\/Prime_Minister_Keir_Starmer_hosts_a_business_roundtable_54354095881-1024x576.webp\" class=\"attachment-large size-large wp-image-2659\" alt=\"26\/02\/2025. Washington D.C., Estados Unidos. El primer ministro Keir Starmer camina con Peter Mandelson, embajador del Reino Unido en Estados Unidos, en la Embajada Brit\u00e1nica en ese pa\u00eds. Fotograf\u00eda de Simon Dawson \/ n.\u00ba 10 de Downing Street.\" srcset=\"https:\/\/globalportalnews.com\/es\/wp-content\/uploads\/sites\/2\/2026\/02\/Prime_Minister_Keir_Starmer_hosts_a_business_roundtable_54354095881-1024x576.webp 1024w, https:\/\/globalportalnews.com\/es\/wp-content\/uploads\/sites\/2\/2026\/02\/Prime_Minister_Keir_Starmer_hosts_a_business_roundtable_54354095881-300x169.webp 300w, https:\/\/globalportalnews.com\/es\/wp-content\/uploads\/sites\/2\/2026\/02\/Prime_Minister_Keir_Starmer_hosts_a_business_roundtable_54354095881-768x432.webp 768w, https:\/\/globalportalnews.com\/es\/wp-content\/uploads\/sites\/2\/2026\/02\/Prime_Minister_Keir_Starmer_hosts_a_business_roundtable_54354095881-1536x864.webp 1536w, https:\/\/globalportalnews.com\/es\/wp-content\/uploads\/sites\/2\/2026\/02\/Prime_Minister_Keir_Starmer_hosts_a_business_roundtable_54354095881-332x187.webp 332w, https:\/\/globalportalnews.com\/es\/wp-content\/uploads\/sites\/2\/2026\/02\/Prime_Minister_Keir_Starmer_hosts_a_business_roundtable_54354095881-664x374.webp 664w, https:\/\/globalportalnews.com\/es\/wp-content\/uploads\/sites\/2\/2026\/02\/Prime_Minister_Keir_Starmer_hosts_a_business_roundtable_54354095881-688x387.webp 688w, https:\/\/globalportalnews.com\/es\/wp-content\/uploads\/sites\/2\/2026\/02\/Prime_Minister_Keir_Starmer_hosts_a_business_roundtable_54354095881-1376x774.webp 1376w, https:\/\/globalportalnews.com\/es\/wp-content\/uploads\/sites\/2\/2026\/02\/Prime_Minister_Keir_Starmer_hosts_a_business_roundtable_54354095881-1044x587.webp 1044w, https:\/\/globalportalnews.com\/es\/wp-content\/uploads\/sites\/2\/2026\/02\/Prime_Minister_Keir_Starmer_hosts_a_business_roundtable_54354095881-1400x788.webp 1400w, https:\/\/globalportalnews.com\/es\/wp-content\/uploads\/sites\/2\/2026\/02\/Prime_Minister_Keir_Starmer_hosts_a_business_roundtable_54354095881.webp 1920w\" sizes=\"(max-width: 1024px) 100vw, 1024px\" \/>\t\t\t\t\t\t\t\t\t\t\t\t\t\t\t<\/div>\n\t\t\t\t<\/div>\n\t\t\t\t\t<\/div>\n\t\t\t\t<\/div>\n\t\t<div class=\"elementor-element elementor-element-a20fb9b e-flex e-con-boxed e-con e-parent\" data-id=\"a20fb9b\" data-element_type=\"container\" data-e-type=\"container\">\n\t\t\t\t\t<div class=\"e-con-inner\">\n\t\t\t\t<div class=\"elementor-element elementor-element-977b82c elementor-widget elementor-widget-text-editor\" data-id=\"977b82c\" data-element_type=\"widget\" data-e-type=\"widget\" data-widget_type=\"text-editor.default\">\n\t\t\t\t<div class=\"elementor-widget-container\">\n\t\t\t\t\t\t\t\t\t<p><strong>Cr\u00e9dito Im\u00e1genes:<\/strong><\/p><p>Imagen: Prime Minister Keir Starmer camina con Peter Mandelson en la Embajada Brit\u00e1nica en Washington D.C., durante una mesa redonda empresarial, 26 de febrero de 2025. Foto por Simon Dawson \/ No 10 Downing Street.\u00a0<em>Contains public sector information licensed under the Open Government Licence v3.0<\/em>.\u00a0<a href=\"https:\/\/w.wiki\/Hgoc\">https:\/\/w.wiki\/Hgoc<\/a><\/p><p>Prime Minister Keir Starmer hosts a business roundtable by Number 10, <a href=\"https:\/\/en.wikipedia.org\/wiki\/Creative_Commons\">Creative Commons<\/a>\u00a0license:<br \/><a href=\"https:\/\/creativecommons.org\/licenses\/by-nc-nd\/2.0\/\">Attribution-NonCommercial-NoDerivs 2.0 Generic<\/a> Wikimedia Commons <a href=\"https:\/\/w.wiki\/M7s8\">https:\/\/w.wiki\/M7s8<\/a><\/p><p><strong>Foto:<\/strong>\u00a0Peter Mandelson, 7 de diciembre de 2004. \u00a9 European Communities \/ Christian Lambiotte (CC BY 4.0) \u2014 v\u00eda Wikimedia Commons.\u00a0<a href=\"https:\/\/w.wiki\/HyWB\">https:\/\/w.wiki\/HyWB<\/a><\/p><p><em>Imagen: El presidente Donald Trump participa en una ceremonia de presentaci\u00f3n de cartas credenciales con embajadores en la Oficina Oval, 11 de junio de 2025. Foto de Daniel Torok publicada por UKinUSA bajo licencia\u00a0<\/em><strong><em>Creative Commons Attribution-ShareAlike 2.0 Generic (CC BY-SA 2.0)<\/em><\/strong><em>. Fuente: Wikimedia Commons<\/em>.\u00a0<a href=\"https:\/\/w.wiki\/Hgoe\">https:\/\/w.wiki\/Hgoe<\/a><\/p><p><strong>Imagen:<\/strong>\u00a0El primer ministro brit\u00e1nico Keir Starmer y el presidente estadounidense Donald Trump durante la firma de un acuerdo tecnol\u00f3gico en el marco de la visita de estado al Reino Unido en 2025. Foto tomada por Number 10 (oficina del Primer Ministro del Reino Unido), con licencia bajo\u00a0<strong>Open Government Licence v3.0<\/strong>.\u00a0<a href=\"https:\/\/w.wiki\/JBSv\">https:\/\/w.wiki\/JBSv<\/a>\u00a0<\/p><p><strong>Donald Trump motorcades with United Kingdom Prime Minister Keir Starmer en route to Glasgow Prestwick Airport, Scotland on Monday, July 28, 2025 (cropped)<\/strong><br data-start=\"928\" data-end=\"931\" \/>Licencia:\u00a0<strong data-start=\"941\" data-end=\"998\">Dominio p\u00fablico en los Estados Unidos (Public Domain)<\/strong><br data-start=\"998\" data-end=\"1001\" \/>Autor \/ Fuente:\u00a0<strong data-start=\"1017\" data-end=\"1080\">The White House (fotograf\u00eda oficial del Gobierno de EE.UU.)\u00a0<a href=\"https:\/\/w.wiki\/J7SW\">https:\/\/w.wiki\/J7SW<\/a><\/strong><\/p>\t\t\t\t\t\t\t\t<\/div>\n\t\t\t\t<\/div>\n\t\t\t\t\t<\/div>\n\t\t\t\t<\/div>\n\t\t\t\t<\/div>\n\t\t","protected":false},"excerpt":{"rendered":"Mantener las apariencias con Trump era una obsesiva prioridad de Starmer y recurri\u00f3 a dos aliados arriesgados, pero potencialmente muy efectivos para conseguirlo, Peter Mandelson y el rey de Inglaterra.","protected":false},"author":1,"featured_media":4148,"comment_status":"closed","ping_status":"open","sticky":false,"template":"","format":"standard","meta":{"csco_display_header_overlay":false,"csco_singular_sidebar":"","csco_page_header_type":"","csco_page_load_nextpost":"","csco_post_video_location":[],"csco_post_video_location_hash":"","csco_post_video_url":"","csco_post_video_bg_start_time":0,"csco_post_video_bg_end_time":0,"footnotes":""},"categories":[35],"tags":[23,25],"class_list":{"0":"post-4189","1":"post","2":"type-post","3":"status-publish","4":"format-standard","5":"has-post-thumbnail","7":"category-opinion","8":"tag-keir-starmer","9":"tag-peter-mandelson","10":"cs-entry","11":"cs-video-wrap"},"yoast_head":"<!-- This site is optimized with the Yoast SEO plugin v24.5 - https:\/\/yoast.com\/wordpress\/plugins\/seo\/ -->\n<title>Peter Mandelson, el corta fuegos de Starmer en la Casa Blanca que acabar\u00eda incendiando Downing Street. - GPN en Espa\u00f1ol<\/title>\n<meta name=\"description\" content=\"Starmer no se podr\u00eda permitir poner en US un embajador que pudiera encajar f\u00e1cilmente en su equipo de Gobierno, hac\u00eda falta alguien m\u00e1s viscoso, con menos consistencia, m\u00e1s sibilino, un pr\u00edncipe de las tinieblas, un Peter Mandelson.\" \/>\n<meta name=\"robots\" content=\"index, follow, max-snippet:-1, max-image-preview:large, max-video-preview:-1\" \/>\n<link rel=\"canonical\" href=\"https:\/\/globalportalnews.com\/es\/opinion\/peter-mandelson-el-corta-fuegos-de-starmer-en-la-casa-blanca-que-acabaria-incendiando-downing-street\/\" \/>\n<meta property=\"og:locale\" content=\"es_ES\" \/>\n<meta property=\"og:type\" content=\"article\" \/>\n<meta property=\"og:title\" content=\"Peter Mandelson, el corta fuegos de Starmer en la Casa Blanca que acabar\u00eda incendiando Downing Street. - GPN en Espa\u00f1ol\" \/>\n<meta property=\"og:description\" content=\"Starmer no se podr\u00eda permitir poner en US un embajador que pudiera encajar f\u00e1cilmente en su equipo de Gobierno, hac\u00eda falta alguien m\u00e1s viscoso, con menos consistencia, m\u00e1s sibilino, un pr\u00edncipe de las tinieblas, un Peter Mandelson.\" \/>\n<meta property=\"og:url\" content=\"https:\/\/globalportalnews.com\/es\/opinion\/peter-mandelson-el-corta-fuegos-de-starmer-en-la-casa-blanca-que-acabaria-incendiando-downing-street\/\" \/>\n<meta property=\"og:site_name\" content=\"GPN en Espa\u00f1ol\" \/>\n<meta property=\"article:published_time\" content=\"2026-04-24T11:19:17+00:00\" \/>\n<meta property=\"article:modified_time\" content=\"2026-04-24T11:20:58+00:00\" \/>\n<meta property=\"og:image\" content=\"https:\/\/globalportalnews.com\/es\/wp-content\/uploads\/sites\/2\/2026\/04\/Prime_Minister_Keir_Starmer_hosts_a_business_roundtable_54354095706.webp\" \/>\n\t<meta property=\"og:image:width\" content=\"1920\" \/>\n\t<meta property=\"og:image:height\" content=\"1080\" \/>\n\t<meta property=\"og:image:type\" content=\"image\/webp\" \/>\n<meta name=\"author\" content=\"globalportalnews@gmail.com\" \/>\n<meta name=\"twitter:card\" content=\"summary_large_image\" \/>\n<meta name=\"twitter:label1\" content=\"Escrito por\" \/>\n\t<meta name=\"twitter:data1\" content=\"globalportalnews@gmail.com\" \/>\n\t<meta name=\"twitter:label2\" content=\"Tiempo de lectura\" \/>\n\t<meta name=\"twitter:data2\" content=\"7 minutos\" \/>\n<script type=\"application\/ld+json\" class=\"yoast-schema-graph\">{\"@context\":\"https:\/\/schema.org\",\"@graph\":[{\"@type\":\"WebPage\",\"@id\":\"https:\/\/globalportalnews.com\/es\/opinion\/peter-mandelson-el-corta-fuegos-de-starmer-en-la-casa-blanca-que-acabaria-incendiando-downing-street\/\",\"url\":\"https:\/\/globalportalnews.com\/es\/opinion\/peter-mandelson-el-corta-fuegos-de-starmer-en-la-casa-blanca-que-acabaria-incendiando-downing-street\/\",\"name\":\"Peter Mandelson, el corta fuegos de Starmer en la Casa Blanca que acabar\u00eda incendiando Downing Street. - GPN en Espa\u00f1ol\",\"isPartOf\":{\"@id\":\"https:\/\/globalportalnews.com\/es\/#website\"},\"primaryImageOfPage\":{\"@id\":\"https:\/\/globalportalnews.com\/es\/opinion\/peter-mandelson-el-corta-fuegos-de-starmer-en-la-casa-blanca-que-acabaria-incendiando-downing-street\/#primaryimage\"},\"image\":{\"@id\":\"https:\/\/globalportalnews.com\/es\/opinion\/peter-mandelson-el-corta-fuegos-de-starmer-en-la-casa-blanca-que-acabaria-incendiando-downing-street\/#primaryimage\"},\"thumbnailUrl\":\"https:\/\/globalportalnews.com\/es\/wp-content\/uploads\/sites\/2\/2026\/04\/Prime_Minister_Keir_Starmer_hosts_a_business_roundtable_54354095706.webp\",\"datePublished\":\"2026-04-24T11:19:17+00:00\",\"dateModified\":\"2026-04-24T11:20:58+00:00\",\"author\":{\"@id\":\"https:\/\/globalportalnews.com\/es\/#\/schema\/person\/4842ba4df9c7f27aac07a17d809e7bae\"},\"description\":\"Starmer no se podr\u00eda permitir poner en US un embajador que pudiera encajar f\u00e1cilmente en su equipo de Gobierno, hac\u00eda falta alguien m\u00e1s viscoso, con menos consistencia, m\u00e1s sibilino, un pr\u00edncipe de las tinieblas, un Peter Mandelson.\",\"breadcrumb\":{\"@id\":\"https:\/\/globalportalnews.com\/es\/opinion\/peter-mandelson-el-corta-fuegos-de-starmer-en-la-casa-blanca-que-acabaria-incendiando-downing-street\/#breadcrumb\"},\"inLanguage\":\"es\",\"potentialAction\":[{\"@type\":\"ReadAction\",\"target\":[\"https:\/\/globalportalnews.com\/es\/opinion\/peter-mandelson-el-corta-fuegos-de-starmer-en-la-casa-blanca-que-acabaria-incendiando-downing-street\/\"]}]},{\"@type\":\"ImageObject\",\"inLanguage\":\"es\",\"@id\":\"https:\/\/globalportalnews.com\/es\/opinion\/peter-mandelson-el-corta-fuegos-de-starmer-en-la-casa-blanca-que-acabaria-incendiando-downing-street\/#primaryimage\",\"url\":\"https:\/\/globalportalnews.com\/es\/wp-content\/uploads\/sites\/2\/2026\/04\/Prime_Minister_Keir_Starmer_hosts_a_business_roundtable_54354095706.webp\",\"contentUrl\":\"https:\/\/globalportalnews.com\/es\/wp-content\/uploads\/sites\/2\/2026\/04\/Prime_Minister_Keir_Starmer_hosts_a_business_roundtable_54354095706.webp\",\"width\":1920,\"height\":1080,\"caption\":\"Washington D.C., Estados Unidos. El primer ministro Keir Starmer camina junto a Peter Mandelson, embajador del Reino Unido en los Estados Unidos de Am\u00e9rica, en la Embajada Brit\u00e1nica en los Estados Unidos de Am\u00e9rica. Fotograf\u00eda de Simon Dawson \/ No 10 Downing Street\"},{\"@type\":\"BreadcrumbList\",\"@id\":\"https:\/\/globalportalnews.com\/es\/opinion\/peter-mandelson-el-corta-fuegos-de-starmer-en-la-casa-blanca-que-acabaria-incendiando-downing-street\/#breadcrumb\",\"itemListElement\":[{\"@type\":\"ListItem\",\"position\":1,\"name\":\"Home\",\"item\":\"https:\/\/globalportalnews.com\/es\/\"},{\"@type\":\"ListItem\",\"position\":2,\"name\":\"Peter Mandelson, el corta fuegos de Starmer en la Casa Blanca que acabar\u00eda incendiando Downing Street.\"}]},{\"@type\":\"WebSite\",\"@id\":\"https:\/\/globalportalnews.com\/es\/#website\",\"url\":\"https:\/\/globalportalnews.com\/es\/\",\"name\":\"GPN en Espa\u00f1ol\",\"description\":\"\",\"potentialAction\":[{\"@type\":\"SearchAction\",\"target\":{\"@type\":\"EntryPoint\",\"urlTemplate\":\"https:\/\/globalportalnews.com\/es\/?s={search_term_string}\"},\"query-input\":{\"@type\":\"PropertyValueSpecification\",\"valueRequired\":true,\"valueName\":\"search_term_string\"}}],\"inLanguage\":\"es\"},{\"@type\":\"Person\",\"@id\":\"https:\/\/globalportalnews.com\/es\/#\/schema\/person\/4842ba4df9c7f27aac07a17d809e7bae\",\"name\":\"globalportalnews@gmail.com\",\"image\":{\"@type\":\"ImageObject\",\"inLanguage\":\"es\",\"@id\":\"https:\/\/globalportalnews.com\/es\/#\/schema\/person\/image\/\",\"url\":\"https:\/\/secure.gravatar.com\/avatar\/9474166440bc2ec01e975169c24d0324?s=96&d=mm&r=g\",\"contentUrl\":\"https:\/\/secure.gravatar.com\/avatar\/9474166440bc2ec01e975169c24d0324?s=96&d=mm&r=g\",\"caption\":\"globalportalnews@gmail.com\"},\"sameAs\":[\"http:\/\/globalportalnews.com\"],\"url\":\"https:\/\/globalportalnews.com\/es\/author\/globalportalnewsgmail-com\/\"}]}<\/script>\n<!-- \/ Yoast SEO plugin. -->","yoast_head_json":{"title":"Peter Mandelson, el corta fuegos de Starmer en la Casa Blanca que acabar\u00eda incendiando Downing Street. - GPN en Espa\u00f1ol","description":"Starmer no se podr\u00eda permitir poner en US un embajador que pudiera encajar f\u00e1cilmente en su equipo de Gobierno, hac\u00eda falta alguien m\u00e1s viscoso, con menos consistencia, m\u00e1s sibilino, un pr\u00edncipe de las tinieblas, un Peter Mandelson.","robots":{"index":"index","follow":"follow","max-snippet":"max-snippet:-1","max-image-preview":"max-image-preview:large","max-video-preview":"max-video-preview:-1"},"canonical":"https:\/\/globalportalnews.com\/es\/opinion\/peter-mandelson-el-corta-fuegos-de-starmer-en-la-casa-blanca-que-acabaria-incendiando-downing-street\/","og_locale":"es_ES","og_type":"article","og_title":"Peter Mandelson, el corta fuegos de Starmer en la Casa Blanca que acabar\u00eda incendiando Downing Street. - GPN en Espa\u00f1ol","og_description":"Starmer no se podr\u00eda permitir poner en US un embajador que pudiera encajar f\u00e1cilmente en su equipo de Gobierno, hac\u00eda falta alguien m\u00e1s viscoso, con menos consistencia, m\u00e1s sibilino, un pr\u00edncipe de las tinieblas, un Peter Mandelson.","og_url":"https:\/\/globalportalnews.com\/es\/opinion\/peter-mandelson-el-corta-fuegos-de-starmer-en-la-casa-blanca-que-acabaria-incendiando-downing-street\/","og_site_name":"GPN en Espa\u00f1ol","article_published_time":"2026-04-24T11:19:17+00:00","article_modified_time":"2026-04-24T11:20:58+00:00","og_image":[{"width":1920,"height":1080,"url":"https:\/\/globalportalnews.com\/es\/wp-content\/uploads\/sites\/2\/2026\/04\/Prime_Minister_Keir_Starmer_hosts_a_business_roundtable_54354095706.webp","type":"image\/webp"}],"author":"globalportalnews@gmail.com","twitter_card":"summary_large_image","twitter_misc":{"Escrito por":"globalportalnews@gmail.com","Tiempo de lectura":"7 minutos"},"schema":{"@context":"https:\/\/schema.org","@graph":[{"@type":"WebPage","@id":"https:\/\/globalportalnews.com\/es\/opinion\/peter-mandelson-el-corta-fuegos-de-starmer-en-la-casa-blanca-que-acabaria-incendiando-downing-street\/","url":"https:\/\/globalportalnews.com\/es\/opinion\/peter-mandelson-el-corta-fuegos-de-starmer-en-la-casa-blanca-que-acabaria-incendiando-downing-street\/","name":"Peter Mandelson, el corta fuegos de Starmer en la Casa Blanca que acabar\u00eda incendiando Downing Street. - GPN en Espa\u00f1ol","isPartOf":{"@id":"https:\/\/globalportalnews.com\/es\/#website"},"primaryImageOfPage":{"@id":"https:\/\/globalportalnews.com\/es\/opinion\/peter-mandelson-el-corta-fuegos-de-starmer-en-la-casa-blanca-que-acabaria-incendiando-downing-street\/#primaryimage"},"image":{"@id":"https:\/\/globalportalnews.com\/es\/opinion\/peter-mandelson-el-corta-fuegos-de-starmer-en-la-casa-blanca-que-acabaria-incendiando-downing-street\/#primaryimage"},"thumbnailUrl":"https:\/\/globalportalnews.com\/es\/wp-content\/uploads\/sites\/2\/2026\/04\/Prime_Minister_Keir_Starmer_hosts_a_business_roundtable_54354095706.webp","datePublished":"2026-04-24T11:19:17+00:00","dateModified":"2026-04-24T11:20:58+00:00","author":{"@id":"https:\/\/globalportalnews.com\/es\/#\/schema\/person\/4842ba4df9c7f27aac07a17d809e7bae"},"description":"Starmer no se podr\u00eda permitir poner en US un embajador que pudiera encajar f\u00e1cilmente en su equipo de Gobierno, hac\u00eda falta alguien m\u00e1s viscoso, con menos consistencia, m\u00e1s sibilino, un pr\u00edncipe de las tinieblas, un Peter Mandelson.","breadcrumb":{"@id":"https:\/\/globalportalnews.com\/es\/opinion\/peter-mandelson-el-corta-fuegos-de-starmer-en-la-casa-blanca-que-acabaria-incendiando-downing-street\/#breadcrumb"},"inLanguage":"es","potentialAction":[{"@type":"ReadAction","target":["https:\/\/globalportalnews.com\/es\/opinion\/peter-mandelson-el-corta-fuegos-de-starmer-en-la-casa-blanca-que-acabaria-incendiando-downing-street\/"]}]},{"@type":"ImageObject","inLanguage":"es","@id":"https:\/\/globalportalnews.com\/es\/opinion\/peter-mandelson-el-corta-fuegos-de-starmer-en-la-casa-blanca-que-acabaria-incendiando-downing-street\/#primaryimage","url":"https:\/\/globalportalnews.com\/es\/wp-content\/uploads\/sites\/2\/2026\/04\/Prime_Minister_Keir_Starmer_hosts_a_business_roundtable_54354095706.webp","contentUrl":"https:\/\/globalportalnews.com\/es\/wp-content\/uploads\/sites\/2\/2026\/04\/Prime_Minister_Keir_Starmer_hosts_a_business_roundtable_54354095706.webp","width":1920,"height":1080,"caption":"Washington D.C., Estados Unidos. El primer ministro Keir Starmer camina junto a Peter Mandelson, embajador del Reino Unido en los Estados Unidos de Am\u00e9rica, en la Embajada Brit\u00e1nica en los Estados Unidos de Am\u00e9rica. Fotograf\u00eda de Simon Dawson \/ No 10 Downing Street"},{"@type":"BreadcrumbList","@id":"https:\/\/globalportalnews.com\/es\/opinion\/peter-mandelson-el-corta-fuegos-de-starmer-en-la-casa-blanca-que-acabaria-incendiando-downing-street\/#breadcrumb","itemListElement":[{"@type":"ListItem","position":1,"name":"Home","item":"https:\/\/globalportalnews.com\/es\/"},{"@type":"ListItem","position":2,"name":"Peter Mandelson, el corta fuegos de Starmer en la Casa Blanca que acabar\u00eda incendiando Downing Street."}]},{"@type":"WebSite","@id":"https:\/\/globalportalnews.com\/es\/#website","url":"https:\/\/globalportalnews.com\/es\/","name":"GPN en Espa\u00f1ol","description":"","potentialAction":[{"@type":"SearchAction","target":{"@type":"EntryPoint","urlTemplate":"https:\/\/globalportalnews.com\/es\/?s={search_term_string}"},"query-input":{"@type":"PropertyValueSpecification","valueRequired":true,"valueName":"search_term_string"}}],"inLanguage":"es"},{"@type":"Person","@id":"https:\/\/globalportalnews.com\/es\/#\/schema\/person\/4842ba4df9c7f27aac07a17d809e7bae","name":"globalportalnews@gmail.com","image":{"@type":"ImageObject","inLanguage":"es","@id":"https:\/\/globalportalnews.com\/es\/#\/schema\/person\/image\/","url":"https:\/\/secure.gravatar.com\/avatar\/9474166440bc2ec01e975169c24d0324?s=96&d=mm&r=g","contentUrl":"https:\/\/secure.gravatar.com\/avatar\/9474166440bc2ec01e975169c24d0324?s=96&d=mm&r=g","caption":"globalportalnews@gmail.com"},"sameAs":["http:\/\/globalportalnews.com"],"url":"https:\/\/globalportalnews.com\/es\/author\/globalportalnewsgmail-com\/"}]}},"_links":{"self":[{"href":"https:\/\/globalportalnews.com\/es\/wp-json\/wp\/v2\/posts\/4189","targetHints":{"allow":["GET"]}}],"collection":[{"href":"https:\/\/globalportalnews.com\/es\/wp-json\/wp\/v2\/posts"}],"about":[{"href":"https:\/\/globalportalnews.com\/es\/wp-json\/wp\/v2\/types\/post"}],"author":[{"embeddable":true,"href":"https:\/\/globalportalnews.com\/es\/wp-json\/wp\/v2\/users\/1"}],"replies":[{"embeddable":true,"href":"https:\/\/globalportalnews.com\/es\/wp-json\/wp\/v2\/comments?post=4189"}],"version-history":[{"count":7,"href":"https:\/\/globalportalnews.com\/es\/wp-json\/wp\/v2\/posts\/4189\/revisions"}],"predecessor-version":[{"id":4196,"href":"https:\/\/globalportalnews.com\/es\/wp-json\/wp\/v2\/posts\/4189\/revisions\/4196"}],"wp:featuredmedia":[{"embeddable":true,"href":"https:\/\/globalportalnews.com\/es\/wp-json\/wp\/v2\/media\/4148"}],"wp:attachment":[{"href":"https:\/\/globalportalnews.com\/es\/wp-json\/wp\/v2\/media?parent=4189"}],"wp:term":[{"taxonomy":"category","embeddable":true,"href":"https:\/\/globalportalnews.com\/es\/wp-json\/wp\/v2\/categories?post=4189"},{"taxonomy":"post_tag","embeddable":true,"href":"https:\/\/globalportalnews.com\/es\/wp-json\/wp\/v2\/tags?post=4189"}],"curies":[{"name":"wp","href":"https:\/\/api.w.org\/{rel}","templated":true}]}}