{"id":4216,"date":"2026-04-25T15:06:42","date_gmt":"2026-04-25T13:06:42","guid":{"rendered":"https:\/\/globalportalnews.com\/es\/?p=4216"},"modified":"2026-04-25T15:06:57","modified_gmt":"2026-04-25T13:06:57","slug":"viaje-carlos-iii-estados-unidos-abril-2026","status":"publish","type":"post","link":"https:\/\/globalportalnews.com\/es\/noticias-politica-uk\/viaje-carlos-iii-estados-unidos-abril-2026\/","title":{"rendered":"Viaje oficial de Carlos III a Estados Unidos del 27 al 30 de abril: claves en plena crisis con Reino Unido y tensiones con Trump"},"content":{"rendered":"\t\t<div data-elementor-type=\"wp-post\" data-elementor-id=\"4216\" class=\"elementor elementor-4216\">\n\t\t\t\t<div class=\"elementor-element elementor-element-6d31626 e-flex e-con-boxed e-con e-parent\" data-id=\"6d31626\" data-element_type=\"container\" data-e-type=\"container\">\n\t\t\t\t\t<div class=\"e-con-inner\">\n\t\t\t\t<div class=\"elementor-element elementor-element-61153bb elementor-widget elementor-widget-heading\" data-id=\"61153bb\" data-element_type=\"widget\" data-e-type=\"widget\" data-widget_type=\"heading.default\">\n\t\t\t\t<div class=\"elementor-widget-container\">\n\t\t\t\t\t<h2 class=\"elementor-heading-title elementor-size-default\">\u00bfCu\u00e1ndo es el viaje de Carlos III a Estados Unidos?<\/h2>\t\t\t\t<\/div>\n\t\t\t\t<\/div>\n\t\t\t\t<div class=\"elementor-element elementor-element-0958fe4 elementor-widget elementor-widget-text-editor\" data-id=\"0958fe4\" data-element_type=\"widget\" data-e-type=\"widget\" data-widget_type=\"text-editor.default\">\n\t\t\t\t<div class=\"elementor-widget-container\">\n\t\t\t\t\t\t\t\t\t<p>El <strong>viaje oficial de Carlos III a Estados Unidos se celebrar\u00e1 del 27 al 30 de abril<\/strong>, en un momento especialmente delicado para las relaciones entre ambos pa\u00edses.<\/p><p>Esta visita de cuatro d\u00edas llega en plena <a href=\"https:\/\/globalportalnews.com\/es\/noticias-politica-uk\/puede-reino-unido-perder-islas-malvinas\/\"><strong>crisis entre Estados Unidos y Reino Unido<\/strong><\/a>, lo que convierte el viaje en uno de los m\u00e1s importantes del reinado del monarca brit\u00e1nico.<\/p>\t\t\t\t\t\t\t\t<\/div>\n\t\t\t\t<\/div>\n\t\t\t\t<div class=\"elementor-element elementor-element-9082126 elementor-widget elementor-widget-cs-posts\" data-id=\"9082126\" data-element_type=\"widget\" data-e-type=\"widget\" data-widget_type=\"cs-posts.default\">\n\t\t\t\t<div class=\"elementor-widget-container\">\n\t\t\t\t\t\t\t\t<section class=\"cs-posts cs-posts__horizontal\">\r\n\t\t\t\t\t\t\t\t\t\t<div class=\"cs-posts-area cs-posts-area-elementor \" data-posts-area=\"\">\r\n\t\t\t\t\t\t\t<div class=\"cs-posts-area__outer\">\r\n\t\t\t\t\t\t\t\t<div\r\n\t\t\t\t\t\t\t\tclass=\"cs-posts-area__main\"\r\n\t\t\t\t\t\t\t\tdata-pc=\"1\"\r\n\t\t\t\t\t\t\t\tdata-lt=\"1\"\r\n\t\t\t\t\t\t\t\tdata-tb=\"1\"\r\n\t\t\t\t\t\t\t\tdata-mb=\"1\"\r\n\t\t\t\t\t\t\t\t>\r\n\t\t\t\t\t\t\t\t\t\r\n<article class=\"post-4197 post type-post status-publish format-standard has-post-thumbnail category-noticias-politica-uk cs-entry cs-video-wrap\">\r\n\t<div class=\"cs-entry__outer cs-entry__outer-small cs-entry__outer-thumbnail-left\">\r\n\t\t\t\t\t<div class=\"cs-entry__inner cs-entry__overlay cs-entry__thumbnail cs-overlay-ratio cs-ratio-landscape-16-9\">\r\n\r\n\t\t\t\t<div class=\"cs-overlay-background\">\r\n\t\t\t\t\t<img fetchpriority=\"high\" decoding=\"async\" width=\"332\" height=\"187\" src=\"https:\/\/globalportalnews.com\/es\/wp-content\/uploads\/sites\/2\/2026\/03\/Prime_Minister_Keir_Starmer_vists_troops_on_the_HMS_Iron_Duke_54210963808-332x187.webp\" class=\"attachment-csco-thumbnail-uncropped size-csco-thumbnail-uncropped wp-post-image\" alt=\"17\/12\/2024. Tallinn, Estonia. Prime Minister Keir Starmer visits troops on the HMS Iron Duke after attending the Joint Expeditionary Force in Tallinn. Picture by Simon Dawson \/ No 10 Downing Street\" srcset=\"https:\/\/globalportalnews.com\/es\/wp-content\/uploads\/sites\/2\/2026\/03\/Prime_Minister_Keir_Starmer_vists_troops_on_the_HMS_Iron_Duke_54210963808-332x187.webp 332w, https:\/\/globalportalnews.com\/es\/wp-content\/uploads\/sites\/2\/2026\/03\/Prime_Minister_Keir_Starmer_vists_troops_on_the_HMS_Iron_Duke_54210963808-300x169.webp 300w, https:\/\/globalportalnews.com\/es\/wp-content\/uploads\/sites\/2\/2026\/03\/Prime_Minister_Keir_Starmer_vists_troops_on_the_HMS_Iron_Duke_54210963808-1024x575.webp 1024w, https:\/\/globalportalnews.com\/es\/wp-content\/uploads\/sites\/2\/2026\/03\/Prime_Minister_Keir_Starmer_vists_troops_on_the_HMS_Iron_Duke_54210963808-768x432.webp 768w, https:\/\/globalportalnews.com\/es\/wp-content\/uploads\/sites\/2\/2026\/03\/Prime_Minister_Keir_Starmer_vists_troops_on_the_HMS_Iron_Duke_54210963808-1536x863.webp 1536w, https:\/\/globalportalnews.com\/es\/wp-content\/uploads\/sites\/2\/2026\/03\/Prime_Minister_Keir_Starmer_vists_troops_on_the_HMS_Iron_Duke_54210963808-664x373.webp 664w, https:\/\/globalportalnews.com\/es\/wp-content\/uploads\/sites\/2\/2026\/03\/Prime_Minister_Keir_Starmer_vists_troops_on_the_HMS_Iron_Duke_54210963808-688x387.webp 688w, https:\/\/globalportalnews.com\/es\/wp-content\/uploads\/sites\/2\/2026\/03\/Prime_Minister_Keir_Starmer_vists_troops_on_the_HMS_Iron_Duke_54210963808-1376x774.webp 1376w, https:\/\/globalportalnews.com\/es\/wp-content\/uploads\/sites\/2\/2026\/03\/Prime_Minister_Keir_Starmer_vists_troops_on_the_HMS_Iron_Duke_54210963808-1044x587.webp 1044w, https:\/\/globalportalnews.com\/es\/wp-content\/uploads\/sites\/2\/2026\/03\/Prime_Minister_Keir_Starmer_vists_troops_on_the_HMS_Iron_Duke_54210963808-1400x787.webp 1400w, https:\/\/globalportalnews.com\/es\/wp-content\/uploads\/sites\/2\/2026\/03\/Prime_Minister_Keir_Starmer_vists_troops_on_the_HMS_Iron_Duke_54210963808.webp 1920w\" sizes=\"(max-width: 332px) 100vw, 332px\" \/>\t\t\t\t\t<img decoding=\"async\" width=\"332\" height=\"186\" src=\"https:\/\/globalportalnews.com\/es\/wp-content\/uploads\/sites\/2\/2026\/03\/Prime_Minister_Keir_Starmer_vists_troops_on_the_HMS_Iron_Duke_54210963808-332x186.webp\" class=\"attachment-csco-thumbnail size-csco-thumbnail wp-post-image\" alt=\"17\/12\/2024. Tallinn, Estonia. Prime Minister Keir Starmer visits troops on the HMS Iron Duke after attending the Joint Expeditionary Force in Tallinn. Picture by Simon Dawson \/ No 10 Downing Street\" srcset=\"https:\/\/globalportalnews.com\/es\/wp-content\/uploads\/sites\/2\/2026\/03\/Prime_Minister_Keir_Starmer_vists_troops_on_the_HMS_Iron_Duke_54210963808-332x187.webp 332w, https:\/\/globalportalnews.com\/es\/wp-content\/uploads\/sites\/2\/2026\/03\/Prime_Minister_Keir_Starmer_vists_troops_on_the_HMS_Iron_Duke_54210963808-300x169.webp 300w, https:\/\/globalportalnews.com\/es\/wp-content\/uploads\/sites\/2\/2026\/03\/Prime_Minister_Keir_Starmer_vists_troops_on_the_HMS_Iron_Duke_54210963808-1024x575.webp 1024w, https:\/\/globalportalnews.com\/es\/wp-content\/uploads\/sites\/2\/2026\/03\/Prime_Minister_Keir_Starmer_vists_troops_on_the_HMS_Iron_Duke_54210963808-768x432.webp 768w, https:\/\/globalportalnews.com\/es\/wp-content\/uploads\/sites\/2\/2026\/03\/Prime_Minister_Keir_Starmer_vists_troops_on_the_HMS_Iron_Duke_54210963808-1536x863.webp 1536w, https:\/\/globalportalnews.com\/es\/wp-content\/uploads\/sites\/2\/2026\/03\/Prime_Minister_Keir_Starmer_vists_troops_on_the_HMS_Iron_Duke_54210963808-664x373.webp 664w, https:\/\/globalportalnews.com\/es\/wp-content\/uploads\/sites\/2\/2026\/03\/Prime_Minister_Keir_Starmer_vists_troops_on_the_HMS_Iron_Duke_54210963808-688x387.webp 688w, https:\/\/globalportalnews.com\/es\/wp-content\/uploads\/sites\/2\/2026\/03\/Prime_Minister_Keir_Starmer_vists_troops_on_the_HMS_Iron_Duke_54210963808-1376x774.webp 1376w, https:\/\/globalportalnews.com\/es\/wp-content\/uploads\/sites\/2\/2026\/03\/Prime_Minister_Keir_Starmer_vists_troops_on_the_HMS_Iron_Duke_54210963808-1044x587.webp 1044w, https:\/\/globalportalnews.com\/es\/wp-content\/uploads\/sites\/2\/2026\/03\/Prime_Minister_Keir_Starmer_vists_troops_on_the_HMS_Iron_Duke_54210963808-1400x787.webp 1400w, https:\/\/globalportalnews.com\/es\/wp-content\/uploads\/sites\/2\/2026\/03\/Prime_Minister_Keir_Starmer_vists_troops_on_the_HMS_Iron_Duke_54210963808.webp 1920w\" sizes=\"(max-width: 332px) 100vw, 332px\" \/>\t\t\t\t<\/div>\r\n\r\n\t\t\t\t\r\n\t\t\t\t\r\n\t\t\t\t<a href=\"https:\/\/globalportalnews.com\/es\/noticias-politica-uk\/puede-reino-unido-perder-islas-malvinas\/\" class=\"cs-overlay-link\" title=\"\u00bfPuede Reino Unido perder las Islas Malvinas? Londres reafirma su soberan\u00eda tras un informe del Pent\u00e1gono\"><\/a>\r\n\t\t\t<\/div>\r\n\t\t\r\n\t\t<div class=\"cs-entry__inner cs-entry__content cs-entry__content-horizontal\">\r\n\t\t\t<div class=\"cs-entry__post-meta\" ><div class=\"cs-meta-category\"><ul class=\"post-categories\">\n\t<li><a href=\"https:\/\/globalportalnews.com\/es\/.\/noticias-politica-uk\/\" rel=\"category tag\">Pol\u00edtica del Reino Unido<\/a><\/li><\/ul><\/div><\/div>\r\n\t\t\t<h2 class=\"cs-entry__title\"><a href=\"https:\/\/globalportalnews.com\/es\/noticias-politica-uk\/puede-reino-unido-perder-islas-malvinas\/\">\u00bfPuede Reino Unido perder las Islas Malvinas? Londres reafirma su soberan\u00eda tras un informe del Pent\u00e1gono<\/a><\/h2>\r\n\t\t\t\r\n\t\t\t<div class=\"cs-entry__post-meta\" ><div class=\"cs-meta-author\"><span class=\"cs-meta-author-by\">by<\/span><a class=\"cs-meta-author-link url fn n\" href=\"https:\/\/globalportalnews.com\/es\/author\/globalportalnewsgmail-com\/\"><span class=\"cs-meta-author-name\">globalportalnews@gmail.com<\/span><\/a><\/div><div class=\"cs-meta-date\">24 de abril de 2026<\/div><\/div>\t\t<\/div>\r\n\t<\/div>\r\n<\/article>\r\n\t\t\t\t\t\t\t\t<\/div>\r\n\t\t\t\t\t\t\t<\/div>\r\n\t\t\t\t\t\t<\/div>\r\n\t\t\t\t\t\t\t\t<\/section>\r\n\t\t\t\t\t\t<\/div>\n\t\t\t\t<\/div>\n\t\t\t\t<div class=\"elementor-element elementor-element-010cb33 elementor-widget elementor-widget-heading\" data-id=\"010cb33\" data-element_type=\"widget\" data-e-type=\"widget\" data-widget_type=\"heading.default\">\n\t\t\t\t<div class=\"elementor-widget-container\">\n\t\t\t\t\t<h2 class=\"elementor-heading-title elementor-size-default\">\u00bfPor qu\u00e9 Carlos III viaja a Estados Unidos ahora?<\/h2>\t\t\t\t<\/div>\n\t\t\t\t<\/div>\n\t\t\t\t<div class=\"elementor-element elementor-element-eee7c41 elementor-widget elementor-widget-text-editor\" data-id=\"eee7c41\" data-element_type=\"widget\" data-e-type=\"widget\" data-widget_type=\"text-editor.default\">\n\t\t\t\t<div class=\"elementor-widget-container\">\n\t\t\t\t\t\t\t\t\t<p><strong>El viaje oficial de Carlos III a Estados Unidos<\/strong> se produce en un momento especialmente delicado para las relaciones entre <a href=\"https:\/\/globalportalnews.com\/es\/noticias-politica-uk\/\">Reino Unido<\/a> y Washington. El monarca brit\u00e1nico afronta esta visita en plena <a href=\"https:\/\/globalportalnews.com\/es\/noticias-politica-uk\/trump-acuerdo-comercial-reino-unido-crisis-iran-impacto-economico\/\"><strong>crisis diplom\u00e1tica entre Estados Unidos y Reino Unido<\/strong><\/a>, marcada por desacuerdos pol\u00edticos, tensiones militares y un contexto internacional inestable.<\/p><p>Lejos de ser una simple visita institucional, este <strong>viaje del rey Carlos III a Estados Unidos<\/strong> tiene un claro componente estrat\u00e9gico. Su objetivo es reforzar una relaci\u00f3n clave que atraviesa uno de sus momentos m\u00e1s complejos en d\u00e9cadas.<\/p>\t\t\t\t\t\t\t\t<\/div>\n\t\t\t\t<\/div>\n\t\t\t\t<div class=\"elementor-element elementor-element-8133cf2 elementor-widget elementor-widget-heading\" data-id=\"8133cf2\" data-element_type=\"widget\" data-e-type=\"widget\" data-widget_type=\"heading.default\">\n\t\t\t\t<div class=\"elementor-widget-container\">\n\t\t\t\t\t<h2 class=\"elementor-heading-title elementor-size-default\">Claves del viaje oficial de Carlos III a Estados Unidos<\/h2>\t\t\t\t<\/div>\n\t\t\t\t<\/div>\n\t\t\t\t<div class=\"elementor-element elementor-element-e36fad5 elementor-widget elementor-widget-text-editor\" data-id=\"e36fad5\" data-element_type=\"widget\" data-e-type=\"widget\" data-widget_type=\"text-editor.default\">\n\t\t\t\t<div class=\"elementor-widget-container\">\n\t\t\t\t\t\t\t\t\t<p>El <strong>viaje oficial de Carlos III<\/strong> se desarrollar\u00e1 durante varios d\u00edas con una agenda centrada en los principales s\u00edmbolos del poder pol\u00edtico y la cooperaci\u00f3n internacional.<\/p><p>Entre los actos m\u00e1s importantes destacan:<\/p><ul><li>Reuni\u00f3n con el presidente <strong>Donald Trump<\/strong> en la Casa Blanca<\/li><li>Discurso de <strong>Carlos III en el Congreso de Estados Unidos<\/strong><\/li><li>Cena de Estado oficial<\/li><li>Visita al memorial del 11-S en Nueva York<\/li><li>Encuentros institucionales y culturales<\/li><li>Actos en Virginia por el aniversario de la independencia<\/li><\/ul><p>Este programa busca reforzar la <strong>relaci\u00f3n entre Estados Unidos y Reino Unido<\/strong>, m\u00e1s all\u00e1 de las tensiones actuales.<\/p>\t\t\t\t\t\t\t\t<\/div>\n\t\t\t\t<\/div>\n\t\t\t\t<div class=\"elementor-element elementor-element-da5ba8d elementor-widget elementor-widget-image\" data-id=\"da5ba8d\" data-element_type=\"widget\" data-e-type=\"widget\" data-widget_type=\"image.default\">\n\t\t\t\t<div class=\"elementor-widget-container\">\n\t\t\t\t\t\t\t\t\t\t\t\t\t\t\t<img decoding=\"async\" width=\"1024\" height=\"576\" src=\"https:\/\/globalportalnews.com\/es\/wp-content\/uploads\/sites\/2\/2026\/01\/Donald_Trump_participates_in_a_bilateral_meeting_with_United_Kingdom_Prime_Minister_Keir_Starmer_on_July_28_2025_in_Scotland-1024x576.webp\" class=\"attachment-large size-large wp-image-2501\" alt=\"Donald Trump participa en una reuni\u00f3n bilateral con el primer ministro del Reino Unido, Keir Starmer, el 28 de julio de 2025 en Escocia.\" srcset=\"https:\/\/globalportalnews.com\/es\/wp-content\/uploads\/sites\/2\/2026\/01\/Donald_Trump_participates_in_a_bilateral_meeting_with_United_Kingdom_Prime_Minister_Keir_Starmer_on_July_28_2025_in_Scotland-1024x576.webp 1024w, https:\/\/globalportalnews.com\/es\/wp-content\/uploads\/sites\/2\/2026\/01\/Donald_Trump_participates_in_a_bilateral_meeting_with_United_Kingdom_Prime_Minister_Keir_Starmer_on_July_28_2025_in_Scotland-300x169.webp 300w, https:\/\/globalportalnews.com\/es\/wp-content\/uploads\/sites\/2\/2026\/01\/Donald_Trump_participates_in_a_bilateral_meeting_with_United_Kingdom_Prime_Minister_Keir_Starmer_on_July_28_2025_in_Scotland-768x432.webp 768w, https:\/\/globalportalnews.com\/es\/wp-content\/uploads\/sites\/2\/2026\/01\/Donald_Trump_participates_in_a_bilateral_meeting_with_United_Kingdom_Prime_Minister_Keir_Starmer_on_July_28_2025_in_Scotland-1536x864.webp 1536w, https:\/\/globalportalnews.com\/es\/wp-content\/uploads\/sites\/2\/2026\/01\/Donald_Trump_participates_in_a_bilateral_meeting_with_United_Kingdom_Prime_Minister_Keir_Starmer_on_July_28_2025_in_Scotland-332x187.webp 332w, https:\/\/globalportalnews.com\/es\/wp-content\/uploads\/sites\/2\/2026\/01\/Donald_Trump_participates_in_a_bilateral_meeting_with_United_Kingdom_Prime_Minister_Keir_Starmer_on_July_28_2025_in_Scotland-664x374.webp 664w, https:\/\/globalportalnews.com\/es\/wp-content\/uploads\/sites\/2\/2026\/01\/Donald_Trump_participates_in_a_bilateral_meeting_with_United_Kingdom_Prime_Minister_Keir_Starmer_on_July_28_2025_in_Scotland-688x387.webp 688w, https:\/\/globalportalnews.com\/es\/wp-content\/uploads\/sites\/2\/2026\/01\/Donald_Trump_participates_in_a_bilateral_meeting_with_United_Kingdom_Prime_Minister_Keir_Starmer_on_July_28_2025_in_Scotland-1376x774.webp 1376w, https:\/\/globalportalnews.com\/es\/wp-content\/uploads\/sites\/2\/2026\/01\/Donald_Trump_participates_in_a_bilateral_meeting_with_United_Kingdom_Prime_Minister_Keir_Starmer_on_July_28_2025_in_Scotland-1044x587.webp 1044w, https:\/\/globalportalnews.com\/es\/wp-content\/uploads\/sites\/2\/2026\/01\/Donald_Trump_participates_in_a_bilateral_meeting_with_United_Kingdom_Prime_Minister_Keir_Starmer_on_July_28_2025_in_Scotland-1400x788.webp 1400w, https:\/\/globalportalnews.com\/es\/wp-content\/uploads\/sites\/2\/2026\/01\/Donald_Trump_participates_in_a_bilateral_meeting_with_United_Kingdom_Prime_Minister_Keir_Starmer_on_July_28_2025_in_Scotland.webp 1920w\" sizes=\"(max-width: 1024px) 100vw, 1024px\" \/>\t\t\t\t\t\t\t\t\t\t\t\t\t\t\t<\/div>\n\t\t\t\t<\/div>\n\t\t\t\t<div class=\"elementor-element elementor-element-384a74c elementor-widget elementor-widget-heading\" data-id=\"384a74c\" data-element_type=\"widget\" data-e-type=\"widget\" data-widget_type=\"heading.default\">\n\t\t\t\t<div class=\"elementor-widget-container\">\n\t\t\t\t\t<h2 class=\"elementor-heading-title elementor-size-default\">Crisis entre Estados Unidos y Reino Unido: el contexto del viaje<\/h2>\t\t\t\t<\/div>\n\t\t\t\t<\/div>\n\t\t\t\t<div class=\"elementor-element elementor-element-507cfa2 elementor-widget elementor-widget-text-editor\" data-id=\"507cfa2\" data-element_type=\"widget\" data-e-type=\"widget\" data-widget_type=\"text-editor.default\">\n\t\t\t\t<div class=\"elementor-widget-container\">\n\t\t\t\t\t\t\t\t\t<p>El <strong>viaje oficial de Carlos III a Estados Unidos<\/strong> no puede entenderse sin el contexto actual. La relaci\u00f3n entre ambos pa\u00edses se ha deteriorado en los \u00faltimos meses debido a varias razones.<\/p><p>Por un lado, <a href=\"https:\/\/globalportalnews.com\/es\/noticias-politica-uk\/crisis-en-el-estrecho-de-ormuz-reino-unido-rechaza-enviar-buques-pese-a-la-presion-de-trump-sobre-la-otan\/\">el conflicto en Ir\u00e1n y la tensi\u00f3n en Oriente Medio han generado diferencias estrat\u00e9gicas<\/a>.\u00a0Por otro, las cr\u00edticas de <a href=\"https:\/\/globalportalnews.com\/es\/noticias-politica-uk\/trump-carga-contra-el-reino-unido-por-las-islas-chagos-y-usa-el-acuerdo-para-justificar-su-ofensiva-sobre-groenlandia\/\"><strong>Donald Trump<\/strong> hacia el primer ministro brit\u00e1nico <strong>Keir Starmer<\/strong><\/a> han aumentado la presi\u00f3n pol\u00edtica.<\/p><p>Muchos analistas consideran que la relaci\u00f3n atraviesa su momento m\u00e1s bajo desde la <strong>Crisis de Suez<\/strong>, lo que convierte este viaje en una oportunidad clave para evitar un mayor deterioro.<\/p>\t\t\t\t\t\t\t\t<\/div>\n\t\t\t\t<\/div>\n\t\t\t\t\t<\/div>\n\t\t\t\t<\/div>\n\t\t<div class=\"elementor-element elementor-element-112d218 e-flex e-con-boxed e-con e-parent\" data-id=\"112d218\" data-element_type=\"container\" data-e-type=\"container\">\n\t\t\t\t\t<div class=\"e-con-inner\">\n\t\t\t\t<div class=\"elementor-element elementor-element-a251eb7 elementor-widget elementor-widget-cs-posts\" data-id=\"a251eb7\" data-element_type=\"widget\" data-e-type=\"widget\" data-widget_type=\"cs-posts.default\">\n\t\t\t\t<div class=\"elementor-widget-container\">\n\t\t\t\t\t\t\t\t<section class=\"cs-posts cs-posts__horizontal\">\r\n\t\t\t\t\t\t\t\t\t\t<div class=\"cs-posts-area cs-posts-area-elementor \" data-posts-area=\"\">\r\n\t\t\t\t\t\t\t<div class=\"cs-posts-area__outer\">\r\n\t\t\t\t\t\t\t\t<div\r\n\t\t\t\t\t\t\t\tclass=\"cs-posts-area__main\"\r\n\t\t\t\t\t\t\t\tdata-pc=\"1\"\r\n\t\t\t\t\t\t\t\tdata-lt=\"1\"\r\n\t\t\t\t\t\t\t\tdata-tb=\"1\"\r\n\t\t\t\t\t\t\t\tdata-mb=\"1\"\r\n\t\t\t\t\t\t\t\t>\r\n\t\t\t\t\t\t\t\t\t\r\n<article class=\"post-2796 post type-post status-publish format-standard has-post-thumbnail category-noticias-politica-uk tag-andres-mountbatten-windsor cs-entry cs-video-wrap\">\r\n\t<div class=\"cs-entry__outer cs-entry__outer-small cs-entry__outer-thumbnail-left\">\r\n\t\t\t\t\t<div class=\"cs-entry__inner cs-entry__overlay cs-entry__thumbnail cs-overlay-ratio cs-ratio-landscape-16-9\">\r\n\r\n\t\t\t\t<div class=\"cs-overlay-background\">\r\n\t\t\t\t\t<img loading=\"lazy\" decoding=\"async\" width=\"332\" height=\"187\" src=\"https:\/\/globalportalnews.com\/es\/wp-content\/uploads\/sites\/2\/2026\/02\/The_Duke_of_York-332x187.webp\" class=\"attachment-csco-thumbnail-uncropped size-csco-thumbnail-uncropped wp-post-image\" alt=\"Andrew Mountbatten-Windsor, ex Duque de York con su hija en 2012\" srcset=\"https:\/\/globalportalnews.com\/es\/wp-content\/uploads\/sites\/2\/2026\/02\/The_Duke_of_York-332x187.webp 332w, https:\/\/globalportalnews.com\/es\/wp-content\/uploads\/sites\/2\/2026\/02\/The_Duke_of_York-300x169.webp 300w, https:\/\/globalportalnews.com\/es\/wp-content\/uploads\/sites\/2\/2026\/02\/The_Duke_of_York-1024x576.webp 1024w, https:\/\/globalportalnews.com\/es\/wp-content\/uploads\/sites\/2\/2026\/02\/The_Duke_of_York-768x432.webp 768w, https:\/\/globalportalnews.com\/es\/wp-content\/uploads\/sites\/2\/2026\/02\/The_Duke_of_York-1536x864.webp 1536w, https:\/\/globalportalnews.com\/es\/wp-content\/uploads\/sites\/2\/2026\/02\/The_Duke_of_York-664x374.webp 664w, https:\/\/globalportalnews.com\/es\/wp-content\/uploads\/sites\/2\/2026\/02\/The_Duke_of_York-688x387.webp 688w, https:\/\/globalportalnews.com\/es\/wp-content\/uploads\/sites\/2\/2026\/02\/The_Duke_of_York-1376x774.webp 1376w, https:\/\/globalportalnews.com\/es\/wp-content\/uploads\/sites\/2\/2026\/02\/The_Duke_of_York-1044x587.webp 1044w, https:\/\/globalportalnews.com\/es\/wp-content\/uploads\/sites\/2\/2026\/02\/The_Duke_of_York-1400x788.webp 1400w, https:\/\/globalportalnews.com\/es\/wp-content\/uploads\/sites\/2\/2026\/02\/The_Duke_of_York.webp 1920w\" sizes=\"(max-width: 332px) 100vw, 332px\" \/>\t\t\t\t\t<img loading=\"lazy\" decoding=\"async\" width=\"332\" height=\"186\" src=\"https:\/\/globalportalnews.com\/es\/wp-content\/uploads\/sites\/2\/2026\/02\/The_Duke_of_York-332x186.webp\" class=\"attachment-csco-thumbnail size-csco-thumbnail wp-post-image\" alt=\"Andrew Mountbatten-Windsor, ex Duque de York con su hija en 2012\" srcset=\"https:\/\/globalportalnews.com\/es\/wp-content\/uploads\/sites\/2\/2026\/02\/The_Duke_of_York-332x187.webp 332w, https:\/\/globalportalnews.com\/es\/wp-content\/uploads\/sites\/2\/2026\/02\/The_Duke_of_York-300x169.webp 300w, https:\/\/globalportalnews.com\/es\/wp-content\/uploads\/sites\/2\/2026\/02\/The_Duke_of_York-1024x576.webp 1024w, https:\/\/globalportalnews.com\/es\/wp-content\/uploads\/sites\/2\/2026\/02\/The_Duke_of_York-768x432.webp 768w, https:\/\/globalportalnews.com\/es\/wp-content\/uploads\/sites\/2\/2026\/02\/The_Duke_of_York-1536x864.webp 1536w, https:\/\/globalportalnews.com\/es\/wp-content\/uploads\/sites\/2\/2026\/02\/The_Duke_of_York-664x374.webp 664w, https:\/\/globalportalnews.com\/es\/wp-content\/uploads\/sites\/2\/2026\/02\/The_Duke_of_York-688x387.webp 688w, https:\/\/globalportalnews.com\/es\/wp-content\/uploads\/sites\/2\/2026\/02\/The_Duke_of_York-1376x774.webp 1376w, https:\/\/globalportalnews.com\/es\/wp-content\/uploads\/sites\/2\/2026\/02\/The_Duke_of_York-1044x587.webp 1044w, https:\/\/globalportalnews.com\/es\/wp-content\/uploads\/sites\/2\/2026\/02\/The_Duke_of_York-1400x788.webp 1400w, https:\/\/globalportalnews.com\/es\/wp-content\/uploads\/sites\/2\/2026\/02\/The_Duke_of_York.webp 1920w\" sizes=\"(max-width: 332px) 100vw, 332px\" \/>\t\t\t\t<\/div>\r\n\r\n\t\t\t\t\r\n\t\t\t\t\r\n\t\t\t\t<a href=\"https:\/\/globalportalnews.com\/es\/noticias-politica-uk\/correos-revelan-que-el-principe-andres-compartio-informacion-confidencial-con-jeffrey-epstein-durante-misiones-oficiales\/\" class=\"cs-overlay-link\" title=\"Correos revelan que el pr\u00edncipe Andr\u00e9s comparti\u00f3 informaci\u00f3n confidencial con Jeffrey Epstein durante misiones oficiales\"><\/a>\r\n\t\t\t<\/div>\r\n\t\t\r\n\t\t<div class=\"cs-entry__inner cs-entry__content cs-entry__content-horizontal\">\r\n\t\t\t<div class=\"cs-entry__post-meta\" ><div class=\"cs-meta-category\"><ul class=\"post-categories\">\n\t<li><a href=\"https:\/\/globalportalnews.com\/es\/.\/noticias-politica-uk\/\" rel=\"category tag\">Pol\u00edtica del Reino Unido<\/a><\/li><\/ul><\/div><\/div>\r\n\t\t\t<h2 class=\"cs-entry__title\"><a href=\"https:\/\/globalportalnews.com\/es\/noticias-politica-uk\/correos-revelan-que-el-principe-andres-compartio-informacion-confidencial-con-jeffrey-epstein-durante-misiones-oficiales\/\">Correos revelan que el pr\u00edncipe Andr\u00e9s comparti\u00f3 informaci\u00f3n confidencial con Jeffrey Epstein durante misiones oficiales<\/a><\/h2>\r\n\t\t\t\r\n\t\t\t<div class=\"cs-entry__post-meta\" ><div class=\"cs-meta-author\"><span class=\"cs-meta-author-by\">by<\/span><a class=\"cs-meta-author-link url fn n\" href=\"https:\/\/globalportalnews.com\/es\/author\/globalportalnewsgmail-com\/\"><span class=\"cs-meta-author-name\">globalportalnews@gmail.com<\/span><\/a><\/div><div class=\"cs-meta-date\">9 de febrero de 2026<\/div><\/div>\t\t<\/div>\r\n\t<\/div>\r\n<\/article>\r\n\t\t\t\t\t\t\t\t<\/div>\r\n\t\t\t\t\t\t\t<\/div>\r\n\t\t\t\t\t\t<\/div>\r\n\t\t\t\t\t\t\t\t<\/section>\r\n\t\t\t\t\t\t<\/div>\n\t\t\t\t<\/div>\n\t\t\t\t<div class=\"elementor-element elementor-element-20ffea5 elementor-widget elementor-widget-heading\" data-id=\"20ffea5\" data-element_type=\"widget\" data-e-type=\"widget\" data-widget_type=\"heading.default\">\n\t\t\t\t<div class=\"elementor-widget-container\">\n\t\t\t\t\t<h2 class=\"elementor-heading-title elementor-size-default\">\u00bfQu\u00e9 busca Carlos III con su visita a Estados Unidos?<\/h2>\t\t\t\t<\/div>\n\t\t\t\t<\/div>\n\t\t\t\t<div class=\"elementor-element elementor-element-9158550 elementor-widget elementor-widget-text-editor\" data-id=\"9158550\" data-element_type=\"widget\" data-e-type=\"widget\" data-widget_type=\"text-editor.default\">\n\t\t\t\t<div class=\"elementor-widget-container\">\n\t\t\t\t\t\t\t\t\t<p>El principal objetivo del <strong>viaje de Carlos III a Estados Unidos<\/strong> es mantener abierta la v\u00eda diplom\u00e1tica en un momento de tensi\u00f3n.<\/p><p>El monarca brit\u00e1nico intentar\u00e1:<\/p><ul><li>Reforzar la <strong>alianza entre Estados Unidos y Reino Unido<\/strong><\/li><li>Transmitir estabilidad institucional<\/li><li>Defender valores como la democracia y la cooperaci\u00f3n internacional<\/li><li>Evitar un mayor distanciamiento pol\u00edtico<\/li><\/ul><p>Aunque no tiene poder ejecutivo, <strong>Carlos III<\/strong> juega un papel clave como figura de representaci\u00f3n y diplomacia internacional.<\/p>\t\t\t\t\t\t\t\t<\/div>\n\t\t\t\t<\/div>\n\t\t\t\t<div class=\"elementor-element elementor-element-62694b3 elementor-widget elementor-widget-image\" data-id=\"62694b3\" data-element_type=\"widget\" data-e-type=\"widget\" data-widget_type=\"image.default\">\n\t\t\t\t<div class=\"elementor-widget-container\">\n\t\t\t\t\t\t\t\t\t\t\t\t\t\t\t<img loading=\"lazy\" decoding=\"async\" width=\"1024\" height=\"576\" src=\"https:\/\/globalportalnews.com\/es\/wp-content\/uploads\/sites\/2\/2026\/04\/Donald_Trump__Charles_III_2025-09-17_crop-1024x576.webp\" class=\"attachment-large size-large wp-image-4215\" alt=\"El Rey Carlos III y Donald Trump de visita oficial\" srcset=\"https:\/\/globalportalnews.com\/es\/wp-content\/uploads\/sites\/2\/2026\/04\/Donald_Trump__Charles_III_2025-09-17_crop-1024x576.webp 1024w, https:\/\/globalportalnews.com\/es\/wp-content\/uploads\/sites\/2\/2026\/04\/Donald_Trump__Charles_III_2025-09-17_crop-300x169.webp 300w, https:\/\/globalportalnews.com\/es\/wp-content\/uploads\/sites\/2\/2026\/04\/Donald_Trump__Charles_III_2025-09-17_crop-768x432.webp 768w, https:\/\/globalportalnews.com\/es\/wp-content\/uploads\/sites\/2\/2026\/04\/Donald_Trump__Charles_III_2025-09-17_crop-1536x864.webp 1536w, https:\/\/globalportalnews.com\/es\/wp-content\/uploads\/sites\/2\/2026\/04\/Donald_Trump__Charles_III_2025-09-17_crop-332x187.webp 332w, https:\/\/globalportalnews.com\/es\/wp-content\/uploads\/sites\/2\/2026\/04\/Donald_Trump__Charles_III_2025-09-17_crop-664x374.webp 664w, https:\/\/globalportalnews.com\/es\/wp-content\/uploads\/sites\/2\/2026\/04\/Donald_Trump__Charles_III_2025-09-17_crop-688x387.webp 688w, https:\/\/globalportalnews.com\/es\/wp-content\/uploads\/sites\/2\/2026\/04\/Donald_Trump__Charles_III_2025-09-17_crop-1376x774.webp 1376w, https:\/\/globalportalnews.com\/es\/wp-content\/uploads\/sites\/2\/2026\/04\/Donald_Trump__Charles_III_2025-09-17_crop-1044x587.webp 1044w, https:\/\/globalportalnews.com\/es\/wp-content\/uploads\/sites\/2\/2026\/04\/Donald_Trump__Charles_III_2025-09-17_crop-1400x788.webp 1400w, https:\/\/globalportalnews.com\/es\/wp-content\/uploads\/sites\/2\/2026\/04\/Donald_Trump__Charles_III_2025-09-17_crop.webp 1920w\" sizes=\"(max-width: 1024px) 100vw, 1024px\" \/>\t\t\t\t\t\t\t\t\t\t\t\t\t\t\t<\/div>\n\t\t\t\t<\/div>\n\t\t\t\t<div class=\"elementor-element elementor-element-8ff6f1b elementor-widget elementor-widget-heading\" data-id=\"8ff6f1b\" data-element_type=\"widget\" data-e-type=\"widget\" data-widget_type=\"heading.default\">\n\t\t\t\t<div class=\"elementor-widget-container\">\n\t\t\t\t\t<h2 class=\"elementor-heading-title elementor-size-default\">La relaci\u00f3n entre Carlos III y Donald Trump<\/h2>\t\t\t\t<\/div>\n\t\t\t\t<\/div>\n\t\t\t\t<div class=\"elementor-element elementor-element-3722fbc elementor-widget elementor-widget-text-editor\" data-id=\"3722fbc\" data-element_type=\"widget\" data-e-type=\"widget\" data-widget_type=\"text-editor.default\">\n\t\t\t\t<div class=\"elementor-widget-container\">\n\t\t\t\t\t\t\t\t\t<p>Uno de los factores m\u00e1s relevantes del <strong>viaje oficial de Carlos III<\/strong> es su relaci\u00f3n con <strong>Donald Trump<\/strong>.<\/p><p>El presidente estadounidense ha mostrado en varias ocasiones su admiraci\u00f3n por la monarqu\u00eda brit\u00e1nica, lo que podr\u00eda facilitar el di\u00e1logo durante la visita. Sin embargo, su estilo imprevisible a\u00f1ade incertidumbre al desarrollo del viaje.<\/p><p>Este equilibrio entre cercan\u00eda personal y tensi\u00f3n pol\u00edtica ser\u00e1 determinante.<\/p>\t\t\t\t\t\t\t\t<\/div>\n\t\t\t\t<\/div>\n\t\t\t\t<div class=\"elementor-element elementor-element-9ecf45b elementor-widget elementor-widget-image\" data-id=\"9ecf45b\" data-element_type=\"widget\" data-e-type=\"widget\" data-widget_type=\"image.default\">\n\t\t\t\t<div class=\"elementor-widget-container\">\n\t\t\t\t\t\t\t\t\t\t\t\t\t\t\t<img loading=\"lazy\" decoding=\"async\" width=\"1024\" height=\"769\" src=\"https:\/\/globalportalnews.com\/es\/wp-content\/uploads\/sites\/2\/2025\/10\/President_Trump_at_St._Jamess_Palace_48000863521-2-1024x769.webp\" class=\"attachment-large size-large wp-image-2432\" alt=\"El presidente Donald J. Trump es recibido por Su Alteza Real el Pr\u00edncipe Andr\u00e9s a las afueras del Palacio de St. James en Londres el martes 4 de junio de 2019, camino al n\u00famero 10 de Downing Street.\" srcset=\"https:\/\/globalportalnews.com\/es\/wp-content\/uploads\/sites\/2\/2025\/10\/President_Trump_at_St._Jamess_Palace_48000863521-2-1024x769.webp 1024w, https:\/\/globalportalnews.com\/es\/wp-content\/uploads\/sites\/2\/2025\/10\/President_Trump_at_St._Jamess_Palace_48000863521-2-300x225.webp 300w, https:\/\/globalportalnews.com\/es\/wp-content\/uploads\/sites\/2\/2025\/10\/President_Trump_at_St._Jamess_Palace_48000863521-2-768x577.webp 768w, https:\/\/globalportalnews.com\/es\/wp-content\/uploads\/sites\/2\/2025\/10\/President_Trump_at_St._Jamess_Palace_48000863521-2-332x249.webp 332w, https:\/\/globalportalnews.com\/es\/wp-content\/uploads\/sites\/2\/2025\/10\/President_Trump_at_St._Jamess_Palace_48000863521-2-664x498.webp 664w, https:\/\/globalportalnews.com\/es\/wp-content\/uploads\/sites\/2\/2025\/10\/President_Trump_at_St._Jamess_Palace_48000863521-2-688x516.webp 688w, https:\/\/globalportalnews.com\/es\/wp-content\/uploads\/sites\/2\/2025\/10\/President_Trump_at_St._Jamess_Palace_48000863521-2-1044x784.webp 1044w, https:\/\/globalportalnews.com\/es\/wp-content\/uploads\/sites\/2\/2025\/10\/President_Trump_at_St._Jamess_Palace_48000863521-2.webp 1067w\" sizes=\"(max-width: 1024px) 100vw, 1024px\" \/>\t\t\t\t\t\t\t\t\t\t\t\t\t\t\t<\/div>\n\t\t\t\t<\/div>\n\t\t\t\t<div class=\"elementor-element elementor-element-d089b11 elementor-widget elementor-widget-heading\" data-id=\"d089b11\" data-element_type=\"widget\" data-e-type=\"widget\" data-widget_type=\"heading.default\">\n\t\t\t\t<div class=\"elementor-widget-container\">\n\t\t\t\t\t<h2 class=\"elementor-heading-title elementor-size-default\">Pol\u00e9micas y presi\u00f3n durante la visita<\/h2>\t\t\t\t<\/div>\n\t\t\t\t<\/div>\n\t\t\t\t<div class=\"elementor-element elementor-element-62e5c0b elementor-widget elementor-widget-text-editor\" data-id=\"62e5c0b\" data-element_type=\"widget\" data-e-type=\"widget\" data-widget_type=\"text-editor.default\">\n\t\t\t\t<div class=\"elementor-widget-container\">\n\t\t\t\t\t\t\t\t\t<p>El <strong>viaje de Carlos III a Estados Unidos<\/strong> tambi\u00e9n estar\u00e1 marcado por la controversia. El esc\u00e1ndalo relacionado con <a href=\"https:\/\/globalportalnews.com\/es\/noticias-politica-uk\/starmer-exige-que-el-principe-andres-testifique-ante-el-congreso-de-ee-uu-por-el-caso-epstein\/\"><strong>Andrew Mountbatten-Windsor<\/strong> y su vinculaci\u00f3n con <strong>Jeffrey Epstein<\/strong><\/a> sigue generando presi\u00f3n medi\u00e1tica.<\/p><p>Algunos colectivos han pedido que el rey se re\u00fana con v\u00edctimas, algo que ha sido descartado por motivos legales. Esta situaci\u00f3n podr\u00eda provocar protestas y aumentar la tensi\u00f3n durante la visita.<\/p>\t\t\t\t\t\t\t\t<\/div>\n\t\t\t\t<\/div>\n\t\t\t\t<div class=\"elementor-element elementor-element-b899b5a elementor-widget elementor-widget-heading\" data-id=\"b899b5a\" data-element_type=\"widget\" data-e-type=\"widget\" data-widget_type=\"heading.default\">\n\t\t\t\t<div class=\"elementor-widget-container\">\n\t\t\t\t\t<h2 class=\"elementor-heading-title elementor-size-default\">El discurso de Carlos III en el Congreso, momento clave<\/h2>\t\t\t\t<\/div>\n\t\t\t\t<\/div>\n\t\t\t\t<div class=\"elementor-element elementor-element-194ca77 elementor-widget elementor-widget-text-editor\" data-id=\"194ca77\" data-element_type=\"widget\" data-e-type=\"widget\" data-widget_type=\"text-editor.default\">\n\t\t\t\t<div class=\"elementor-widget-container\">\n\t\t\t\t\t\t\t\t\t<p>El discurso de <strong>Carlos III en el Congreso de Estados Unidos<\/strong> ser\u00e1 uno de los momentos m\u00e1s importantes del viaje.<\/p><p>Se espera que el rey aborde temas como:<\/p><ul><li>La importancia de la OTAN<\/li><li>El apoyo a Ucrania<\/li><li>La estabilidad internacional<\/li><li>La cooperaci\u00f3n econ\u00f3mica<\/li><\/ul><p>Cada mensaje ser\u00e1 analizado como una se\u00f1al del estado de la <strong>relaci\u00f3n entre Estados Unidos y Reino Unido<\/strong>.<\/p>\t\t\t\t\t\t\t\t<\/div>\n\t\t\t\t<\/div>\n\t\t\t\t<div class=\"elementor-element elementor-element-f793bbc elementor-widget elementor-widget-image\" data-id=\"f793bbc\" data-element_type=\"widget\" data-e-type=\"widget\" data-widget_type=\"image.default\">\n\t\t\t\t<div class=\"elementor-widget-container\">\n\t\t\t\t\t\t\t\t\t\t\t\t\t\t\t<img loading=\"lazy\" decoding=\"async\" width=\"1024\" height=\"576\" src=\"https:\/\/globalportalnews.com\/es\/wp-content\/uploads\/sites\/2\/2026\/03\/President_Donald_Trump_shaking_hands_with_Prime_Minister_Keir_Starmer-1024x576.webp\" class=\"attachment-large size-large wp-image-3425\" alt=\"Es un honor acompa\u00f1ar a @POTUS Trump y al Primer Ministro @Keir_Starmer en su reuni\u00f3n de hoy. Ambos l\u00edderes abordaron una amplia gama de temas: la situaci\u00f3n en Gaza, la inmigraci\u00f3n ilegal, la seguridad energ\u00e9tica, los avances en el acuerdo comercial entre EE. UU. y el Reino Unido y, por supuesto, la hist\u00f3rica segunda visita de Estado del presidente Trump. \u00a1Es evidente que la especial relaci\u00f3n entre ambos pa\u00edses va viento en popa!\" srcset=\"https:\/\/globalportalnews.com\/es\/wp-content\/uploads\/sites\/2\/2026\/03\/President_Donald_Trump_shaking_hands_with_Prime_Minister_Keir_Starmer-1024x576.webp 1024w, https:\/\/globalportalnews.com\/es\/wp-content\/uploads\/sites\/2\/2026\/03\/President_Donald_Trump_shaking_hands_with_Prime_Minister_Keir_Starmer-300x169.webp 300w, https:\/\/globalportalnews.com\/es\/wp-content\/uploads\/sites\/2\/2026\/03\/President_Donald_Trump_shaking_hands_with_Prime_Minister_Keir_Starmer-768x432.webp 768w, https:\/\/globalportalnews.com\/es\/wp-content\/uploads\/sites\/2\/2026\/03\/President_Donald_Trump_shaking_hands_with_Prime_Minister_Keir_Starmer-1536x864.webp 1536w, https:\/\/globalportalnews.com\/es\/wp-content\/uploads\/sites\/2\/2026\/03\/President_Donald_Trump_shaking_hands_with_Prime_Minister_Keir_Starmer-332x187.webp 332w, https:\/\/globalportalnews.com\/es\/wp-content\/uploads\/sites\/2\/2026\/03\/President_Donald_Trump_shaking_hands_with_Prime_Minister_Keir_Starmer-664x374.webp 664w, https:\/\/globalportalnews.com\/es\/wp-content\/uploads\/sites\/2\/2026\/03\/President_Donald_Trump_shaking_hands_with_Prime_Minister_Keir_Starmer-688x387.webp 688w, https:\/\/globalportalnews.com\/es\/wp-content\/uploads\/sites\/2\/2026\/03\/President_Donald_Trump_shaking_hands_with_Prime_Minister_Keir_Starmer-1376x774.webp 1376w, https:\/\/globalportalnews.com\/es\/wp-content\/uploads\/sites\/2\/2026\/03\/President_Donald_Trump_shaking_hands_with_Prime_Minister_Keir_Starmer-1044x587.webp 1044w, https:\/\/globalportalnews.com\/es\/wp-content\/uploads\/sites\/2\/2026\/03\/President_Donald_Trump_shaking_hands_with_Prime_Minister_Keir_Starmer-1400x788.webp 1400w, https:\/\/globalportalnews.com\/es\/wp-content\/uploads\/sites\/2\/2026\/03\/President_Donald_Trump_shaking_hands_with_Prime_Minister_Keir_Starmer.webp 1920w\" sizes=\"(max-width: 1024px) 100vw, 1024px\" \/>\t\t\t\t\t\t\t\t\t\t\t\t\t\t\t<\/div>\n\t\t\t\t<\/div>\n\t\t\t\t<div class=\"elementor-element elementor-element-d05e489 elementor-widget elementor-widget-heading\" data-id=\"d05e489\" data-element_type=\"widget\" data-e-type=\"widget\" data-widget_type=\"heading.default\">\n\t\t\t\t<div class=\"elementor-widget-container\">\n\t\t\t\t\t<h2 class=\"elementor-heading-title elementor-size-default\">\u00bfPuede este viaje mejorar la relaci\u00f3n entre Estados Unidos y Reino Unido?<\/h2>\t\t\t\t<\/div>\n\t\t\t\t<\/div>\n\t\t\t\t<div class=\"elementor-element elementor-element-8e7a0f0 elementor-widget elementor-widget-text-editor\" data-id=\"8e7a0f0\" data-element_type=\"widget\" data-e-type=\"widget\" data-widget_type=\"text-editor.default\">\n\t\t\t\t<div class=\"elementor-widget-container\">\n\t\t\t\t\t\t\t\t\t<p>Aunque el <strong>viaje oficial de Carlos III a Estados Unidos<\/strong> tiene un fuerte componente simb\u00f3lico, su impacto real es incierto.<\/p><p>La mayor\u00eda de expertos coincide en que no resolver\u00e1 las tensiones a corto plazo. Sin embargo, s\u00ed puede contribuir a:<\/p><ul><li>Mantener el di\u00e1logo abierto<\/li><li>Reducir la tensi\u00f3n diplom\u00e1tica<\/li><li>Reforzar la relaci\u00f3n a largo plazo<\/li><\/ul><p>En este sentido, el viaje es m\u00e1s una estrategia de contenci\u00f3n que una soluci\u00f3n inmediata.<\/p>\t\t\t\t\t\t\t\t<\/div>\n\t\t\t\t<\/div>\n\t\t\t\t<div class=\"elementor-element elementor-element-3ae175b elementor-widget elementor-widget-heading\" data-id=\"3ae175b\" data-element_type=\"widget\" data-e-type=\"widget\" data-widget_type=\"heading.default\">\n\t\t\t\t<div class=\"elementor-widget-container\">\n\t\t\t\t\t<h2 class=\"elementor-heading-title elementor-size-default\">Un viaje clave para Carlos III<\/h2>\t\t\t\t<\/div>\n\t\t\t\t<\/div>\n\t\t\t\t<div class=\"elementor-element elementor-element-c78877c elementor-widget elementor-widget-text-editor\" data-id=\"c78877c\" data-element_type=\"widget\" data-e-type=\"widget\" data-widget_type=\"text-editor.default\">\n\t\t\t\t<div class=\"elementor-widget-container\">\n\t\t\t\t\t\t\t\t\t<p>El <strong>viaje oficial de Carlos III a Estados Unidos<\/strong> representa el mayor desaf\u00edo diplom\u00e1tico de su reinado hasta ahora.<\/p><p>En un contexto de crisis entre Estados Unidos y Reino Unido, tensiones pol\u00edticas y presi\u00f3n internacional, el monarca brit\u00e1nico se enfrenta a una prueba decisiva.<\/p><p>El resultado de esta visita no solo influir\u00e1 en su papel como rey, sino tambi\u00e9n en el futuro de una de las alianzas m\u00e1s importantes del mundo.<\/p>\t\t\t\t\t\t\t\t<\/div>\n\t\t\t\t<\/div>\n\t\t\t\t\t<\/div>\n\t\t\t\t<\/div>\n\t\t<div class=\"elementor-element elementor-element-04474cd e-flex e-con-boxed e-con e-parent\" data-id=\"04474cd\" data-element_type=\"container\" data-e-type=\"container\">\n\t\t\t\t\t<div class=\"e-con-inner\">\n\t\t\t\t<div class=\"elementor-element elementor-element-ebd1258 elementor-widget elementor-widget-text-editor\" data-id=\"ebd1258\" data-element_type=\"widget\" data-e-type=\"widget\" data-widget_type=\"text-editor.default\">\n\t\t\t\t<div class=\"elementor-widget-container\">\n\t\t\t\t\t\t\t\t\t<p><strong>Fuentes Noticias:<\/strong><\/p><p><a href=\"https:\/\/www.bbc.com\/news\/articles\/ce35xkgjqd5o\">https:\/\/www.bbc.com\/news\/articles<\/a><\/p><p><a href=\"https:\/\/www.reuters.com\/world\/uk\/king-charles-us-mission-bolster-uks-special-relationship-with-royalist-trump-2026-04-23\/\">https:\/\/www.reuters.com\/world<\/a><\/p><p><strong>Cr\u00e9dito Im\u00e1genes:<\/strong><\/p><p>President\u00a0<strong data-start=\"255\" data-end=\"310\">Donald J. Trump participates in a bilateral meeting<\/strong>\u00a0with United Kingdom Prime Minister\u00a0<strong data-start=\"346\" data-end=\"362\">Keir Starmer<\/strong>\u00a0on\u00a0<strong data-start=\"366\" data-end=\"383\">July 28, 2025<\/strong>, at the\u00a0<strong data-start=\"392\" data-end=\"446\">Trump Turnberry golf course in Turnberry, Scotland<\/strong>. Official White House photo by\u00a0<strong data-start=\"478\" data-end=\"494\">Daniel Torok<\/strong>\u00a0\/ Public Domain.\u00a0<a href=\"https:\/\/w.wiki\/HY2Y\">https:\/\/w.wiki\/HY2Y<\/a><\/p><p>Donald Trump &amp; Charles III 2025-09-17, by The Trump White House \u00a0<strong><a href=\"https:\/\/en.wikipedia.org\/wiki\/public_domain\">public domain<\/a><\/strong>. Wikimedia Commons <a href=\"https:\/\/w.wiki\/G6ki\">https:\/\/w.wiki\/G6ki<\/a><\/p><p>Fotograf\u00eda oficial de la Casa Blanca por Shealah Craighead (dominio p\u00fablico). Fuente: Wikimedia Commons<\/p><p><strong>President Donald Trump shaking hands with Prime Minister Keir Starmer<\/strong><br data-start=\"308\" data-end=\"311\" \/>Licencia:\u00a0<strong data-start=\"321\" data-end=\"356\">Dominio p\u00fablico (Public Domain)<\/strong><br data-start=\"356\" data-end=\"359\" \/>Autor \/ Fuente:\u00a0<strong data-start=\"375\" data-end=\"459\">Work of the United States Department of State (fotograf\u00eda oficial gubernamental)\u00a0<a href=\"https:\/\/w.wiki\/J7ST\">https:\/\/w.wiki\/J7ST<\/a><\/strong><\/p>\t\t\t\t\t\t\t\t<\/div>\n\t\t\t\t<\/div>\n\t\t\t\t\t<\/div>\n\t\t\t\t<\/div>\n\t\t\t\t<\/div>\n\t\t","protected":false},"excerpt":{"rendered":"Fechas, claves y qu\u00e9 puede pasar en su visita con Trump.","protected":false},"author":1,"featured_media":4215,"comment_status":"closed","ping_status":"open","sticky":false,"template":"","format":"standard","meta":{"csco_display_header_overlay":false,"csco_singular_sidebar":"","csco_page_header_type":"","csco_page_load_nextpost":"","csco_post_video_location":[],"csco_post_video_location_hash":"","csco_post_video_url":"","csco_post_video_bg_start_time":0,"csco_post_video_bg_end_time":0,"footnotes":""},"categories":[2],"tags":[],"class_list":{"0":"post-4216","1":"post","2":"type-post","3":"status-publish","4":"format-standard","5":"has-post-thumbnail","7":"category-noticias-politica-uk","8":"cs-entry","9":"cs-video-wrap"},"yoast_head":"<!-- This site is optimized with the Yoast SEO plugin v24.5 - https:\/\/yoast.com\/wordpress\/plugins\/seo\/ -->\n<title>Viaje oficial de Carlos III a Estados Unidos del 27 al 30 de abril: claves en plena crisis con Reino Unido y tensiones con Trump - GPN en Espa\u00f1ol<\/title>\n<meta name=\"description\" content=\"Carlos III viaja a Estados Unidos del 27 al 30 de abril en plena crisis con Reino Unido. Fechas, claves y qu\u00e9 puede pasar en su visita con Trump.\" \/>\n<meta name=\"robots\" content=\"index, follow, max-snippet:-1, max-image-preview:large, max-video-preview:-1\" \/>\n<link rel=\"canonical\" href=\"https:\/\/globalportalnews.com\/es\/noticias-politica-uk\/viaje-carlos-iii-estados-unidos-abril-2026\/\" \/>\n<meta property=\"og:locale\" content=\"es_ES\" \/>\n<meta property=\"og:type\" content=\"article\" \/>\n<meta property=\"og:title\" content=\"Viaje oficial de Carlos III a Estados Unidos del 27 al 30 de abril: claves en plena crisis con Reino Unido y tensiones con Trump - GPN en Espa\u00f1ol\" \/>\n<meta property=\"og:description\" content=\"Carlos III viaja a Estados Unidos del 27 al 30 de abril en plena crisis con Reino Unido. Fechas, claves y qu\u00e9 puede pasar en su visita con Trump.\" \/>\n<meta property=\"og:url\" content=\"https:\/\/globalportalnews.com\/es\/noticias-politica-uk\/viaje-carlos-iii-estados-unidos-abril-2026\/\" \/>\n<meta property=\"og:site_name\" content=\"GPN en Espa\u00f1ol\" \/>\n<meta property=\"article:published_time\" content=\"2026-04-25T13:06:42+00:00\" \/>\n<meta property=\"article:modified_time\" content=\"2026-04-25T13:06:57+00:00\" \/>\n<meta property=\"og:image\" content=\"https:\/\/globalportalnews.com\/es\/wp-content\/uploads\/sites\/2\/2026\/04\/Donald_Trump__Charles_III_2025-09-17_crop.webp\" \/>\n\t<meta property=\"og:image:width\" content=\"1920\" \/>\n\t<meta property=\"og:image:height\" content=\"1080\" \/>\n\t<meta property=\"og:image:type\" content=\"image\/webp\" \/>\n<meta name=\"author\" content=\"globalportalnews@gmail.com\" \/>\n<meta name=\"twitter:card\" content=\"summary_large_image\" \/>\n<meta name=\"twitter:label1\" content=\"Escrito por\" \/>\n\t<meta name=\"twitter:data1\" content=\"globalportalnews@gmail.com\" \/>\n\t<meta name=\"twitter:label2\" content=\"Tiempo de lectura\" \/>\n\t<meta name=\"twitter:data2\" content=\"7 minutos\" \/>\n<script type=\"application\/ld+json\" class=\"yoast-schema-graph\">{\"@context\":\"https:\/\/schema.org\",\"@graph\":[{\"@type\":\"WebPage\",\"@id\":\"https:\/\/globalportalnews.com\/es\/noticias-politica-uk\/viaje-carlos-iii-estados-unidos-abril-2026\/\",\"url\":\"https:\/\/globalportalnews.com\/es\/noticias-politica-uk\/viaje-carlos-iii-estados-unidos-abril-2026\/\",\"name\":\"Viaje oficial de Carlos III a Estados Unidos del 27 al 30 de abril: claves en plena crisis con Reino Unido y tensiones con Trump - GPN en Espa\u00f1ol\",\"isPartOf\":{\"@id\":\"https:\/\/globalportalnews.com\/es\/#website\"},\"primaryImageOfPage\":{\"@id\":\"https:\/\/globalportalnews.com\/es\/noticias-politica-uk\/viaje-carlos-iii-estados-unidos-abril-2026\/#primaryimage\"},\"image\":{\"@id\":\"https:\/\/globalportalnews.com\/es\/noticias-politica-uk\/viaje-carlos-iii-estados-unidos-abril-2026\/#primaryimage\"},\"thumbnailUrl\":\"https:\/\/globalportalnews.com\/es\/wp-content\/uploads\/sites\/2\/2026\/04\/Donald_Trump__Charles_III_2025-09-17_crop.webp\",\"datePublished\":\"2026-04-25T13:06:42+00:00\",\"dateModified\":\"2026-04-25T13:06:57+00:00\",\"author\":{\"@id\":\"https:\/\/globalportalnews.com\/es\/#\/schema\/person\/4842ba4df9c7f27aac07a17d809e7bae\"},\"description\":\"Carlos III viaja a Estados Unidos del 27 al 30 de abril en plena crisis con Reino Unido. Fechas, claves y qu\u00e9 puede pasar en su visita con Trump.\",\"breadcrumb\":{\"@id\":\"https:\/\/globalportalnews.com\/es\/noticias-politica-uk\/viaje-carlos-iii-estados-unidos-abril-2026\/#breadcrumb\"},\"inLanguage\":\"es\",\"potentialAction\":[{\"@type\":\"ReadAction\",\"target\":[\"https:\/\/globalportalnews.com\/es\/noticias-politica-uk\/viaje-carlos-iii-estados-unidos-abril-2026\/\"]}]},{\"@type\":\"ImageObject\",\"inLanguage\":\"es\",\"@id\":\"https:\/\/globalportalnews.com\/es\/noticias-politica-uk\/viaje-carlos-iii-estados-unidos-abril-2026\/#primaryimage\",\"url\":\"https:\/\/globalportalnews.com\/es\/wp-content\/uploads\/sites\/2\/2026\/04\/Donald_Trump__Charles_III_2025-09-17_crop.webp\",\"contentUrl\":\"https:\/\/globalportalnews.com\/es\/wp-content\/uploads\/sites\/2\/2026\/04\/Donald_Trump__Charles_III_2025-09-17_crop.webp\",\"width\":1920,\"height\":1080,\"caption\":\"El Rey Carlos III y Donald Trump de visita oficial\"},{\"@type\":\"BreadcrumbList\",\"@id\":\"https:\/\/globalportalnews.com\/es\/noticias-politica-uk\/viaje-carlos-iii-estados-unidos-abril-2026\/#breadcrumb\",\"itemListElement\":[{\"@type\":\"ListItem\",\"position\":1,\"name\":\"Home\",\"item\":\"https:\/\/globalportalnews.com\/es\/\"},{\"@type\":\"ListItem\",\"position\":2,\"name\":\"Viaje oficial de Carlos III a Estados Unidos del 27 al 30 de abril: claves en plena crisis con Reino Unido y tensiones con Trump\"}]},{\"@type\":\"WebSite\",\"@id\":\"https:\/\/globalportalnews.com\/es\/#website\",\"url\":\"https:\/\/globalportalnews.com\/es\/\",\"name\":\"GPN en Espa\u00f1ol\",\"description\":\"\",\"potentialAction\":[{\"@type\":\"SearchAction\",\"target\":{\"@type\":\"EntryPoint\",\"urlTemplate\":\"https:\/\/globalportalnews.com\/es\/?s={search_term_string}\"},\"query-input\":{\"@type\":\"PropertyValueSpecification\",\"valueRequired\":true,\"valueName\":\"search_term_string\"}}],\"inLanguage\":\"es\"},{\"@type\":\"Person\",\"@id\":\"https:\/\/globalportalnews.com\/es\/#\/schema\/person\/4842ba4df9c7f27aac07a17d809e7bae\",\"name\":\"globalportalnews@gmail.com\",\"image\":{\"@type\":\"ImageObject\",\"inLanguage\":\"es\",\"@id\":\"https:\/\/globalportalnews.com\/es\/#\/schema\/person\/image\/\",\"url\":\"https:\/\/secure.gravatar.com\/avatar\/9474166440bc2ec01e975169c24d0324?s=96&d=mm&r=g\",\"contentUrl\":\"https:\/\/secure.gravatar.com\/avatar\/9474166440bc2ec01e975169c24d0324?s=96&d=mm&r=g\",\"caption\":\"globalportalnews@gmail.com\"},\"sameAs\":[\"http:\/\/globalportalnews.com\"],\"url\":\"https:\/\/globalportalnews.com\/es\/author\/globalportalnewsgmail-com\/\"}]}<\/script>\n<!-- \/ Yoast SEO plugin. -->","yoast_head_json":{"title":"Viaje oficial de Carlos III a Estados Unidos del 27 al 30 de abril: claves en plena crisis con Reino Unido y tensiones con Trump - GPN en Espa\u00f1ol","description":"Carlos III viaja a Estados Unidos del 27 al 30 de abril en plena crisis con Reino Unido. Fechas, claves y qu\u00e9 puede pasar en su visita con Trump.","robots":{"index":"index","follow":"follow","max-snippet":"max-snippet:-1","max-image-preview":"max-image-preview:large","max-video-preview":"max-video-preview:-1"},"canonical":"https:\/\/globalportalnews.com\/es\/noticias-politica-uk\/viaje-carlos-iii-estados-unidos-abril-2026\/","og_locale":"es_ES","og_type":"article","og_title":"Viaje oficial de Carlos III a Estados Unidos del 27 al 30 de abril: claves en plena crisis con Reino Unido y tensiones con Trump - GPN en Espa\u00f1ol","og_description":"Carlos III viaja a Estados Unidos del 27 al 30 de abril en plena crisis con Reino Unido. Fechas, claves y qu\u00e9 puede pasar en su visita con Trump.","og_url":"https:\/\/globalportalnews.com\/es\/noticias-politica-uk\/viaje-carlos-iii-estados-unidos-abril-2026\/","og_site_name":"GPN en Espa\u00f1ol","article_published_time":"2026-04-25T13:06:42+00:00","article_modified_time":"2026-04-25T13:06:57+00:00","og_image":[{"width":1920,"height":1080,"url":"https:\/\/globalportalnews.com\/es\/wp-content\/uploads\/sites\/2\/2026\/04\/Donald_Trump__Charles_III_2025-09-17_crop.webp","type":"image\/webp"}],"author":"globalportalnews@gmail.com","twitter_card":"summary_large_image","twitter_misc":{"Escrito por":"globalportalnews@gmail.com","Tiempo de lectura":"7 minutos"},"schema":{"@context":"https:\/\/schema.org","@graph":[{"@type":"WebPage","@id":"https:\/\/globalportalnews.com\/es\/noticias-politica-uk\/viaje-carlos-iii-estados-unidos-abril-2026\/","url":"https:\/\/globalportalnews.com\/es\/noticias-politica-uk\/viaje-carlos-iii-estados-unidos-abril-2026\/","name":"Viaje oficial de Carlos III a Estados Unidos del 27 al 30 de abril: claves en plena crisis con Reino Unido y tensiones con Trump - GPN en Espa\u00f1ol","isPartOf":{"@id":"https:\/\/globalportalnews.com\/es\/#website"},"primaryImageOfPage":{"@id":"https:\/\/globalportalnews.com\/es\/noticias-politica-uk\/viaje-carlos-iii-estados-unidos-abril-2026\/#primaryimage"},"image":{"@id":"https:\/\/globalportalnews.com\/es\/noticias-politica-uk\/viaje-carlos-iii-estados-unidos-abril-2026\/#primaryimage"},"thumbnailUrl":"https:\/\/globalportalnews.com\/es\/wp-content\/uploads\/sites\/2\/2026\/04\/Donald_Trump__Charles_III_2025-09-17_crop.webp","datePublished":"2026-04-25T13:06:42+00:00","dateModified":"2026-04-25T13:06:57+00:00","author":{"@id":"https:\/\/globalportalnews.com\/es\/#\/schema\/person\/4842ba4df9c7f27aac07a17d809e7bae"},"description":"Carlos III viaja a Estados Unidos del 27 al 30 de abril en plena crisis con Reino Unido. Fechas, claves y qu\u00e9 puede pasar en su visita con Trump.","breadcrumb":{"@id":"https:\/\/globalportalnews.com\/es\/noticias-politica-uk\/viaje-carlos-iii-estados-unidos-abril-2026\/#breadcrumb"},"inLanguage":"es","potentialAction":[{"@type":"ReadAction","target":["https:\/\/globalportalnews.com\/es\/noticias-politica-uk\/viaje-carlos-iii-estados-unidos-abril-2026\/"]}]},{"@type":"ImageObject","inLanguage":"es","@id":"https:\/\/globalportalnews.com\/es\/noticias-politica-uk\/viaje-carlos-iii-estados-unidos-abril-2026\/#primaryimage","url":"https:\/\/globalportalnews.com\/es\/wp-content\/uploads\/sites\/2\/2026\/04\/Donald_Trump__Charles_III_2025-09-17_crop.webp","contentUrl":"https:\/\/globalportalnews.com\/es\/wp-content\/uploads\/sites\/2\/2026\/04\/Donald_Trump__Charles_III_2025-09-17_crop.webp","width":1920,"height":1080,"caption":"El Rey Carlos III y Donald Trump de visita oficial"},{"@type":"BreadcrumbList","@id":"https:\/\/globalportalnews.com\/es\/noticias-politica-uk\/viaje-carlos-iii-estados-unidos-abril-2026\/#breadcrumb","itemListElement":[{"@type":"ListItem","position":1,"name":"Home","item":"https:\/\/globalportalnews.com\/es\/"},{"@type":"ListItem","position":2,"name":"Viaje oficial de Carlos III a Estados Unidos del 27 al 30 de abril: claves en plena crisis con Reino Unido y tensiones con Trump"}]},{"@type":"WebSite","@id":"https:\/\/globalportalnews.com\/es\/#website","url":"https:\/\/globalportalnews.com\/es\/","name":"GPN en Espa\u00f1ol","description":"","potentialAction":[{"@type":"SearchAction","target":{"@type":"EntryPoint","urlTemplate":"https:\/\/globalportalnews.com\/es\/?s={search_term_string}"},"query-input":{"@type":"PropertyValueSpecification","valueRequired":true,"valueName":"search_term_string"}}],"inLanguage":"es"},{"@type":"Person","@id":"https:\/\/globalportalnews.com\/es\/#\/schema\/person\/4842ba4df9c7f27aac07a17d809e7bae","name":"globalportalnews@gmail.com","image":{"@type":"ImageObject","inLanguage":"es","@id":"https:\/\/globalportalnews.com\/es\/#\/schema\/person\/image\/","url":"https:\/\/secure.gravatar.com\/avatar\/9474166440bc2ec01e975169c24d0324?s=96&d=mm&r=g","contentUrl":"https:\/\/secure.gravatar.com\/avatar\/9474166440bc2ec01e975169c24d0324?s=96&d=mm&r=g","caption":"globalportalnews@gmail.com"},"sameAs":["http:\/\/globalportalnews.com"],"url":"https:\/\/globalportalnews.com\/es\/author\/globalportalnewsgmail-com\/"}]}},"_links":{"self":[{"href":"https:\/\/globalportalnews.com\/es\/wp-json\/wp\/v2\/posts\/4216","targetHints":{"allow":["GET"]}}],"collection":[{"href":"https:\/\/globalportalnews.com\/es\/wp-json\/wp\/v2\/posts"}],"about":[{"href":"https:\/\/globalportalnews.com\/es\/wp-json\/wp\/v2\/types\/post"}],"author":[{"embeddable":true,"href":"https:\/\/globalportalnews.com\/es\/wp-json\/wp\/v2\/users\/1"}],"replies":[{"embeddable":true,"href":"https:\/\/globalportalnews.com\/es\/wp-json\/wp\/v2\/comments?post=4216"}],"version-history":[{"count":5,"href":"https:\/\/globalportalnews.com\/es\/wp-json\/wp\/v2\/posts\/4216\/revisions"}],"predecessor-version":[{"id":4221,"href":"https:\/\/globalportalnews.com\/es\/wp-json\/wp\/v2\/posts\/4216\/revisions\/4221"}],"wp:featuredmedia":[{"embeddable":true,"href":"https:\/\/globalportalnews.com\/es\/wp-json\/wp\/v2\/media\/4215"}],"wp:attachment":[{"href":"https:\/\/globalportalnews.com\/es\/wp-json\/wp\/v2\/media?parent=4216"}],"wp:term":[{"taxonomy":"category","embeddable":true,"href":"https:\/\/globalportalnews.com\/es\/wp-json\/wp\/v2\/categories?post=4216"},{"taxonomy":"post_tag","embeddable":true,"href":"https:\/\/globalportalnews.com\/es\/wp-json\/wp\/v2\/tags?post=4216"}],"curies":[{"name":"wp","href":"https:\/\/api.w.org\/{rel}","templated":true}]}}