{"id":4226,"date":"2026-04-26T16:19:06","date_gmt":"2026-04-26T14:19:06","guid":{"rendered":"https:\/\/globalportalnews.com\/es\/?p=4226"},"modified":"2026-04-26T16:19:25","modified_gmt":"2026-04-26T14:19:25","slug":"keir-starmer-partido-laborista-apoyo-mandelson-elecciones","status":"publish","type":"post","link":"https:\/\/globalportalnews.com\/es\/noticias-politica-uk\/keir-starmer-partido-laborista-apoyo-mandelson-elecciones\/","title":{"rendered":"\u00bfTiene Keir Starmer el apoyo del Partido Laborista? Asegura que s\u00ed y dice que puede ganar las elecciones"},"content":{"rendered":"\t\t<div data-elementor-type=\"wp-post\" data-elementor-id=\"4226\" class=\"elementor elementor-4226\">\n\t\t\t\t<div class=\"elementor-element elementor-element-b206960 e-flex e-con-boxed e-con e-parent\" data-id=\"b206960\" data-element_type=\"container\" data-e-type=\"container\">\n\t\t\t\t\t<div class=\"e-con-inner\">\n\t\t\t\t<div class=\"elementor-element elementor-element-d81838c elementor-widget elementor-widget-text-editor\" data-id=\"d81838c\" data-element_type=\"widget\" data-e-type=\"widget\" data-widget_type=\"text-editor.default\">\n\t\t\t\t<div class=\"elementor-widget-container\">\n\t\t\t\t\t\t\t\t\t<p>El primer ministro brit\u00e1nico, <strong>Keir Starmer<\/strong>, ha defendido p\u00fablicamente la estabilidad de su liderazgo asegurando que la <strong>\u201cgran mayor\u00eda\u201d del Partido Laborista (Labour Party)<\/strong> sigue respaldando su gesti\u00f3n, en un momento marcado por el aumento de la<a href=\"https:\/\/globalportalnews.com\/es\/noticias-politica-uk\/\"> presi\u00f3n pol\u00edtica y las tensiones internas en el gobierno del Reino Unido.<\/a><\/p><p>Las declaraciones se producen tras varios d\u00edas de especulaci\u00f3n sobre posibles divisiones internas y sobre la solidez del liderazgo del primer ministro en Downing Street.<\/p>\t\t\t\t\t\t\t\t<\/div>\n\t\t\t\t<\/div>\n\t\t\t\t<div class=\"elementor-element elementor-element-489b3c2 elementor-widget elementor-widget-image\" data-id=\"489b3c2\" data-element_type=\"widget\" data-e-type=\"widget\" data-widget_type=\"image.default\">\n\t\t\t\t<div class=\"elementor-widget-container\">\n\t\t\t\t\t\t\t\t\t\t\t\t\t\t\t<img fetchpriority=\"high\" decoding=\"async\" width=\"1024\" height=\"576\" src=\"https:\/\/globalportalnews.com\/es\/wp-content\/uploads\/sites\/2\/2026\/04\/Prime_Ministers_Questions_7_February_2024_01-1024x576.webp\" class=\"attachment-large size-large wp-image-4155\" alt=\"Sir Keir Starmer (MP for Holborn and St Pancras and Leader of the Opposition) at Prime Minister&#039;s Questions, 7 February 2024.\" srcset=\"https:\/\/globalportalnews.com\/es\/wp-content\/uploads\/sites\/2\/2026\/04\/Prime_Ministers_Questions_7_February_2024_01-1024x576.webp 1024w, https:\/\/globalportalnews.com\/es\/wp-content\/uploads\/sites\/2\/2026\/04\/Prime_Ministers_Questions_7_February_2024_01-300x169.webp 300w, https:\/\/globalportalnews.com\/es\/wp-content\/uploads\/sites\/2\/2026\/04\/Prime_Ministers_Questions_7_February_2024_01-768x432.webp 768w, https:\/\/globalportalnews.com\/es\/wp-content\/uploads\/sites\/2\/2026\/04\/Prime_Ministers_Questions_7_February_2024_01-1536x864.webp 1536w, https:\/\/globalportalnews.com\/es\/wp-content\/uploads\/sites\/2\/2026\/04\/Prime_Ministers_Questions_7_February_2024_01-332x187.webp 332w, https:\/\/globalportalnews.com\/es\/wp-content\/uploads\/sites\/2\/2026\/04\/Prime_Ministers_Questions_7_February_2024_01-664x374.webp 664w, https:\/\/globalportalnews.com\/es\/wp-content\/uploads\/sites\/2\/2026\/04\/Prime_Ministers_Questions_7_February_2024_01-688x387.webp 688w, https:\/\/globalportalnews.com\/es\/wp-content\/uploads\/sites\/2\/2026\/04\/Prime_Ministers_Questions_7_February_2024_01-1376x774.webp 1376w, https:\/\/globalportalnews.com\/es\/wp-content\/uploads\/sites\/2\/2026\/04\/Prime_Ministers_Questions_7_February_2024_01-1044x587.webp 1044w, https:\/\/globalportalnews.com\/es\/wp-content\/uploads\/sites\/2\/2026\/04\/Prime_Ministers_Questions_7_February_2024_01-1400x788.webp 1400w, https:\/\/globalportalnews.com\/es\/wp-content\/uploads\/sites\/2\/2026\/04\/Prime_Ministers_Questions_7_February_2024_01.webp 1920w\" sizes=\"(max-width: 1024px) 100vw, 1024px\" \/>\t\t\t\t\t\t\t\t\t\t\t\t\t\t\t<\/div>\n\t\t\t\t<\/div>\n\t\t\t\t<div class=\"elementor-element elementor-element-ceed3d4 elementor-widget elementor-widget-heading\" data-id=\"ceed3d4\" data-element_type=\"widget\" data-e-type=\"widget\" data-widget_type=\"heading.default\">\n\t\t\t\t<div class=\"elementor-widget-container\">\n\t\t\t\t\t<h2 class=\"elementor-heading-title elementor-size-default\">Starmer afirma contar con el apoyo mayoritario del Labour<\/h2>\t\t\t\t<\/div>\n\t\t\t\t<\/div>\n\t\t\t\t<div class=\"elementor-element elementor-element-af682b9 elementor-widget elementor-widget-text-editor\" data-id=\"af682b9\" data-element_type=\"widget\" data-e-type=\"widget\" data-widget_type=\"text-editor.default\">\n\t\t\t\t<div class=\"elementor-widget-container\">\n\t\t\t\t\t\t\t\t\t<p>En una entrevista concedida al <em>Sunday Times<\/em>, Keir Starmer insisti\u00f3 en que <strong>la mayor\u00eda de los diputados laboristas respaldan su liderazgo<\/strong> y est\u00e1n centrados en la gesti\u00f3n del gobierno.<\/p><p>Seg\u00fan el primer ministro, el debate p\u00fablico tiende a amplificar las voces cr\u00edticas, mientras que la mayor\u00eda de los parlamentarios del Labour Party <strong>prefieren centrarse en su trabajo parlamentario sin participar en disputas internas.<\/strong><\/p><p>Starmer subray\u00f3 que el partido atraviesa una etapa de responsabilidad tras a\u00f1os en la oposici\u00f3n, y que el objetivo principal debe ser la estabilidad del gobierno y la ejecuci\u00f3n de pol\u00edticas p\u00fablicas.<\/p>\t\t\t\t\t\t\t\t<\/div>\n\t\t\t\t<\/div>\n\t\t\t\t<div class=\"elementor-element elementor-element-4fee851 elementor-widget elementor-widget-image\" data-id=\"4fee851\" data-element_type=\"widget\" data-e-type=\"widget\" data-widget_type=\"image.default\">\n\t\t\t\t<div class=\"elementor-widget-container\">\n\t\t\t\t\t\t\t\t\t\t\t\t\t\t\t<img decoding=\"async\" width=\"1024\" height=\"576\" src=\"https:\/\/globalportalnews.com\/es\/wp-content\/uploads\/sites\/2\/2026\/04\/Prime_Minister_Keir_Starmer_hosts_a_business_roundtable_54354095706-1024x576.webp\" class=\"attachment-large size-large wp-image-4148\" alt=\"Washington D.C., Estados Unidos. El primer ministro Keir Starmer camina junto a Peter Mandelson, embajador del Reino Unido en los Estados Unidos de Am\u00e9rica, en la Embajada Brit\u00e1nica en los Estados Unidos de Am\u00e9rica. Fotograf\u00eda de Simon Dawson \/ No 10 Downing Street\" srcset=\"https:\/\/globalportalnews.com\/es\/wp-content\/uploads\/sites\/2\/2026\/04\/Prime_Minister_Keir_Starmer_hosts_a_business_roundtable_54354095706-1024x576.webp 1024w, https:\/\/globalportalnews.com\/es\/wp-content\/uploads\/sites\/2\/2026\/04\/Prime_Minister_Keir_Starmer_hosts_a_business_roundtable_54354095706-300x169.webp 300w, https:\/\/globalportalnews.com\/es\/wp-content\/uploads\/sites\/2\/2026\/04\/Prime_Minister_Keir_Starmer_hosts_a_business_roundtable_54354095706-768x432.webp 768w, https:\/\/globalportalnews.com\/es\/wp-content\/uploads\/sites\/2\/2026\/04\/Prime_Minister_Keir_Starmer_hosts_a_business_roundtable_54354095706-1536x864.webp 1536w, https:\/\/globalportalnews.com\/es\/wp-content\/uploads\/sites\/2\/2026\/04\/Prime_Minister_Keir_Starmer_hosts_a_business_roundtable_54354095706-332x187.webp 332w, https:\/\/globalportalnews.com\/es\/wp-content\/uploads\/sites\/2\/2026\/04\/Prime_Minister_Keir_Starmer_hosts_a_business_roundtable_54354095706-664x374.webp 664w, https:\/\/globalportalnews.com\/es\/wp-content\/uploads\/sites\/2\/2026\/04\/Prime_Minister_Keir_Starmer_hosts_a_business_roundtable_54354095706-688x387.webp 688w, https:\/\/globalportalnews.com\/es\/wp-content\/uploads\/sites\/2\/2026\/04\/Prime_Minister_Keir_Starmer_hosts_a_business_roundtable_54354095706-1376x774.webp 1376w, https:\/\/globalportalnews.com\/es\/wp-content\/uploads\/sites\/2\/2026\/04\/Prime_Minister_Keir_Starmer_hosts_a_business_roundtable_54354095706-1044x587.webp 1044w, https:\/\/globalportalnews.com\/es\/wp-content\/uploads\/sites\/2\/2026\/04\/Prime_Minister_Keir_Starmer_hosts_a_business_roundtable_54354095706-1400x788.webp 1400w, https:\/\/globalportalnews.com\/es\/wp-content\/uploads\/sites\/2\/2026\/04\/Prime_Minister_Keir_Starmer_hosts_a_business_roundtable_54354095706.webp 1920w\" sizes=\"(max-width: 1024px) 100vw, 1024px\" \/>\t\t\t\t\t\t\t\t\t\t\t\t\t\t\t<\/div>\n\t\t\t\t<\/div>\n\t\t\t\t<div class=\"elementor-element elementor-element-ebea4e2 elementor-widget elementor-widget-heading\" data-id=\"ebea4e2\" data-element_type=\"widget\" data-e-type=\"widget\" data-widget_type=\"heading.default\">\n\t\t\t\t<div class=\"elementor-widget-container\">\n\t\t\t\t\t<h2 class=\"elementor-heading-title elementor-size-default\">El caso Peter Mandelson intensifica la presi\u00f3n pol\u00edtica<\/h2>\t\t\t\t<\/div>\n\t\t\t\t<\/div>\n\t\t\t\t<div class=\"elementor-element elementor-element-9c541cc elementor-widget elementor-widget-text-editor\" data-id=\"9c541cc\" data-element_type=\"widget\" data-e-type=\"widget\" data-widget_type=\"text-editor.default\">\n\t\t\t\t<div class=\"elementor-widget-container\">\n\t\t\t\t\t\t\t\t\t<p>La tensi\u00f3n pol\u00edtica ha aumentado debido al nombramiento de<a href=\"https:\/\/globalportalnews.com\/es\/noticias-politica-uk\/keir-starmer-peter-mandelson-veto-seguridad-crisis-reino-unido\/\"> <strong>Peter Mandelson como embajador del Reino Unido en Estados Unidos<\/strong><\/a>, una decisi\u00f3n que ha generado controversia tras revelarse que los servicios de seguridad hab\u00edan expresado reservas sobre el proceso de acreditaci\u00f3n.<\/p><p>El caso ha provocado un debate pol\u00edtico en Westminster sobre transparencia, toma de decisiones y gesti\u00f3n institucional dentro del gobierno brit\u00e1nico.<\/p><p>Starmer ha defendido su actuaci\u00f3n, afirmando que no recibi\u00f3 advertencias directas sobre una recomendaci\u00f3n formal en contra del nombramiento y que las decisiones se basaron en el asesoramiento oficial disponible.<\/p>\t\t\t\t\t\t\t\t<\/div>\n\t\t\t\t<\/div>\n\t\t\t\t<div class=\"elementor-element elementor-element-b2b67f5 elementor-widget elementor-widget-cs-posts\" data-id=\"b2b67f5\" data-element_type=\"widget\" data-e-type=\"widget\" data-widget_type=\"cs-posts.default\">\n\t\t\t\t<div class=\"elementor-widget-container\">\n\t\t\t\t\t\t\t\t<section class=\"cs-posts cs-posts__horizontal\">\r\n\t\t\t\t\t\t\t\t\t\t<div class=\"cs-posts-area cs-posts-area-elementor \" data-posts-area=\"\">\r\n\t\t\t\t\t\t\t<div class=\"cs-posts-area__outer\">\r\n\t\t\t\t\t\t\t\t<div\r\n\t\t\t\t\t\t\t\tclass=\"cs-posts-area__main\"\r\n\t\t\t\t\t\t\t\tdata-pc=\"1\"\r\n\t\t\t\t\t\t\t\tdata-lt=\"1\"\r\n\t\t\t\t\t\t\t\tdata-tb=\"1\"\r\n\t\t\t\t\t\t\t\tdata-mb=\"1\"\r\n\t\t\t\t\t\t\t\t>\r\n\t\t\t\t\t\t\t\t\t\r\n<article class=\"post-4111 post type-post status-publish format-standard has-post-thumbnail category-noticias-politica-uk tag-keir-starmer tag-peter-mandelson cs-entry cs-video-wrap\">\r\n\t<div class=\"cs-entry__outer cs-entry__outer-small cs-entry__outer-thumbnail-left\">\r\n\t\t\t\t\t<div class=\"cs-entry__inner cs-entry__overlay cs-entry__thumbnail cs-overlay-ratio cs-ratio-landscape-16-9\">\r\n\r\n\t\t\t\t<div class=\"cs-overlay-background\">\r\n\t\t\t\t\t<img decoding=\"async\" width=\"332\" height=\"187\" src=\"https:\/\/globalportalnews.com\/es\/wp-content\/uploads\/sites\/2\/2026\/02\/President_Donald_Trump_announcing_a_trade_agreement_with_the_United_Kingdom_54507051942-332x187.webp\" class=\"attachment-csco-thumbnail-uncropped size-csco-thumbnail-uncropped wp-post-image\" alt=\"El presidente Donald Trump con el secretario de Comercio Howard Lutnick, el vicepresidente J. D. Vance, el embajador brit\u00e1nico Peter Mandelson, el representante comercial de EE. UU. Jamieson Greer y la secretaria de Agricultura Brooke Rollins para anunciar un acuerdo comercial con el Reino Unido el jueves 8 de mayo de 2025 en el Despacho Oval. (Foto oficial de la Casa Blanca por Molly Riley)\" srcset=\"https:\/\/globalportalnews.com\/es\/wp-content\/uploads\/sites\/2\/2026\/02\/President_Donald_Trump_announcing_a_trade_agreement_with_the_United_Kingdom_54507051942-332x187.webp 332w, https:\/\/globalportalnews.com\/es\/wp-content\/uploads\/sites\/2\/2026\/02\/President_Donald_Trump_announcing_a_trade_agreement_with_the_United_Kingdom_54507051942-300x169.webp 300w, https:\/\/globalportalnews.com\/es\/wp-content\/uploads\/sites\/2\/2026\/02\/President_Donald_Trump_announcing_a_trade_agreement_with_the_United_Kingdom_54507051942-1024x576.webp 1024w, https:\/\/globalportalnews.com\/es\/wp-content\/uploads\/sites\/2\/2026\/02\/President_Donald_Trump_announcing_a_trade_agreement_with_the_United_Kingdom_54507051942-768x432.webp 768w, https:\/\/globalportalnews.com\/es\/wp-content\/uploads\/sites\/2\/2026\/02\/President_Donald_Trump_announcing_a_trade_agreement_with_the_United_Kingdom_54507051942-1536x864.webp 1536w, https:\/\/globalportalnews.com\/es\/wp-content\/uploads\/sites\/2\/2026\/02\/President_Donald_Trump_announcing_a_trade_agreement_with_the_United_Kingdom_54507051942-664x374.webp 664w, https:\/\/globalportalnews.com\/es\/wp-content\/uploads\/sites\/2\/2026\/02\/President_Donald_Trump_announcing_a_trade_agreement_with_the_United_Kingdom_54507051942-688x387.webp 688w, https:\/\/globalportalnews.com\/es\/wp-content\/uploads\/sites\/2\/2026\/02\/President_Donald_Trump_announcing_a_trade_agreement_with_the_United_Kingdom_54507051942-1376x774.webp 1376w, https:\/\/globalportalnews.com\/es\/wp-content\/uploads\/sites\/2\/2026\/02\/President_Donald_Trump_announcing_a_trade_agreement_with_the_United_Kingdom_54507051942-1044x587.webp 1044w, https:\/\/globalportalnews.com\/es\/wp-content\/uploads\/sites\/2\/2026\/02\/President_Donald_Trump_announcing_a_trade_agreement_with_the_United_Kingdom_54507051942-1400x788.webp 1400w, https:\/\/globalportalnews.com\/es\/wp-content\/uploads\/sites\/2\/2026\/02\/President_Donald_Trump_announcing_a_trade_agreement_with_the_United_Kingdom_54507051942.webp 1920w\" sizes=\"(max-width: 332px) 100vw, 332px\" \/>\t\t\t\t\t<img loading=\"lazy\" decoding=\"async\" width=\"332\" height=\"186\" src=\"https:\/\/globalportalnews.com\/es\/wp-content\/uploads\/sites\/2\/2026\/02\/President_Donald_Trump_announcing_a_trade_agreement_with_the_United_Kingdom_54507051942-332x186.webp\" class=\"attachment-csco-thumbnail size-csco-thumbnail wp-post-image\" alt=\"El presidente Donald Trump con el secretario de Comercio Howard Lutnick, el vicepresidente J. D. Vance, el embajador brit\u00e1nico Peter Mandelson, el representante comercial de EE. UU. Jamieson Greer y la secretaria de Agricultura Brooke Rollins para anunciar un acuerdo comercial con el Reino Unido el jueves 8 de mayo de 2025 en el Despacho Oval. (Foto oficial de la Casa Blanca por Molly Riley)\" srcset=\"https:\/\/globalportalnews.com\/es\/wp-content\/uploads\/sites\/2\/2026\/02\/President_Donald_Trump_announcing_a_trade_agreement_with_the_United_Kingdom_54507051942-332x187.webp 332w, https:\/\/globalportalnews.com\/es\/wp-content\/uploads\/sites\/2\/2026\/02\/President_Donald_Trump_announcing_a_trade_agreement_with_the_United_Kingdom_54507051942-300x169.webp 300w, https:\/\/globalportalnews.com\/es\/wp-content\/uploads\/sites\/2\/2026\/02\/President_Donald_Trump_announcing_a_trade_agreement_with_the_United_Kingdom_54507051942-1024x576.webp 1024w, https:\/\/globalportalnews.com\/es\/wp-content\/uploads\/sites\/2\/2026\/02\/President_Donald_Trump_announcing_a_trade_agreement_with_the_United_Kingdom_54507051942-768x432.webp 768w, https:\/\/globalportalnews.com\/es\/wp-content\/uploads\/sites\/2\/2026\/02\/President_Donald_Trump_announcing_a_trade_agreement_with_the_United_Kingdom_54507051942-1536x864.webp 1536w, https:\/\/globalportalnews.com\/es\/wp-content\/uploads\/sites\/2\/2026\/02\/President_Donald_Trump_announcing_a_trade_agreement_with_the_United_Kingdom_54507051942-664x374.webp 664w, https:\/\/globalportalnews.com\/es\/wp-content\/uploads\/sites\/2\/2026\/02\/President_Donald_Trump_announcing_a_trade_agreement_with_the_United_Kingdom_54507051942-688x387.webp 688w, https:\/\/globalportalnews.com\/es\/wp-content\/uploads\/sites\/2\/2026\/02\/President_Donald_Trump_announcing_a_trade_agreement_with_the_United_Kingdom_54507051942-1376x774.webp 1376w, https:\/\/globalportalnews.com\/es\/wp-content\/uploads\/sites\/2\/2026\/02\/President_Donald_Trump_announcing_a_trade_agreement_with_the_United_Kingdom_54507051942-1044x587.webp 1044w, https:\/\/globalportalnews.com\/es\/wp-content\/uploads\/sites\/2\/2026\/02\/President_Donald_Trump_announcing_a_trade_agreement_with_the_United_Kingdom_54507051942-1400x788.webp 1400w, https:\/\/globalportalnews.com\/es\/wp-content\/uploads\/sites\/2\/2026\/02\/President_Donald_Trump_announcing_a_trade_agreement_with_the_United_Kingdom_54507051942.webp 1920w\" sizes=\"(max-width: 332px) 100vw, 332px\" \/>\t\t\t\t<\/div>\r\n\r\n\t\t\t\t\r\n\t\t\t\t\r\n\t\t\t\t<a href=\"https:\/\/globalportalnews.com\/es\/noticias-politica-uk\/keir-starmer-peter-mandelson-veto-seguridad-crisis-reino-unido\/\" class=\"cs-overlay-link\" title=\"Crisis pol\u00edtica en Reino Unido: el esc\u00e1ndalo de Peter Mandelson y Keir Starmer por el veto de seguridad\"><\/a>\r\n\t\t\t<\/div>\r\n\t\t\r\n\t\t<div class=\"cs-entry__inner cs-entry__content cs-entry__content-horizontal\">\r\n\t\t\t<div class=\"cs-entry__post-meta\" ><div class=\"cs-meta-category\"><ul class=\"post-categories\">\n\t<li><a href=\"https:\/\/globalportalnews.com\/es\/.\/noticias-politica-uk\/\" rel=\"category tag\">Pol\u00edtica del Reino Unido<\/a><\/li><\/ul><\/div><\/div>\r\n\t\t\t<h2 class=\"cs-entry__title\"><a href=\"https:\/\/globalportalnews.com\/es\/noticias-politica-uk\/keir-starmer-peter-mandelson-veto-seguridad-crisis-reino-unido\/\">Crisis pol\u00edtica en Reino Unido: el esc\u00e1ndalo de Peter Mandelson y Keir Starmer por el veto de seguridad<\/a><\/h2>\r\n\t\t\t\r\n\t\t\t<div class=\"cs-entry__post-meta\" ><div class=\"cs-meta-author\"><span class=\"cs-meta-author-by\">by<\/span><a class=\"cs-meta-author-link url fn n\" href=\"https:\/\/globalportalnews.com\/es\/author\/globalportalnewsgmail-com\/\"><span class=\"cs-meta-author-name\">globalportalnews@gmail.com<\/span><\/a><\/div><div class=\"cs-meta-date\">18 de abril de 2026<\/div><\/div>\t\t<\/div>\r\n\t<\/div>\r\n<\/article>\r\n\t\t\t\t\t\t\t\t<\/div>\r\n\t\t\t\t\t\t\t<\/div>\r\n\t\t\t\t\t\t<\/div>\r\n\t\t\t\t\t\t\t\t<\/section>\r\n\t\t\t\t\t\t<\/div>\n\t\t\t\t<\/div>\n\t\t\t\t<div class=\"elementor-element elementor-element-d16b2e3 elementor-widget elementor-widget-heading\" data-id=\"d16b2e3\" data-element_type=\"widget\" data-e-type=\"widget\" data-widget_type=\"heading.default\">\n\t\t\t\t<div class=\"elementor-widget-container\">\n\t\t\t\t\t<h2 class=\"elementor-heading-title elementor-size-default\">La oposici\u00f3n intensifica las cr\u00edticas y pide explicaciones<\/h2>\t\t\t\t<\/div>\n\t\t\t\t<\/div>\n\t\t\t\t<div class=\"elementor-element elementor-element-f5b62c8 elementor-widget elementor-widget-text-editor\" data-id=\"f5b62c8\" data-element_type=\"widget\" data-e-type=\"widget\" data-widget_type=\"text-editor.default\">\n\t\t\t\t<div class=\"elementor-widget-container\">\n\t\t\t\t\t\t\t\t\t<p>Desde la oposici\u00f3n, el Partido Conservador ha aumentado la presi\u00f3n sobre el primer ministro.<\/p><p>El portavoz de Interior de los conservadores, Chris Philp, lleg\u00f3 a sugerir que <a href=\"https:\/\/globalportalnews.com\/es\/noticias-politica-uk\/keir-starmer-dimision-escandalo-mandelson-reino-unido\/\"><strong>Starmer deber\u00eda dimitir por su gesti\u00f3n del caso<\/strong><\/a>, afirmando que el liderazgo del Labour est\u00e1 bajo creciente escrutinio.<\/p><p>Otras voces pol\u00edticas han ido m\u00e1s all\u00e1, se\u00f1alando que <strong>algunos diputados laboristas deber\u00edan plantearse un cambio de liderazgo<\/strong> si la situaci\u00f3n contin\u00faa deterior\u00e1ndose.<\/p>\t\t\t\t\t\t\t\t<\/div>\n\t\t\t\t<\/div>\n\t\t\t\t<div class=\"elementor-element elementor-element-4b5229a elementor-widget elementor-widget-cs-posts\" data-id=\"4b5229a\" data-element_type=\"widget\" data-e-type=\"widget\" data-widget_type=\"cs-posts.default\">\n\t\t\t\t<div class=\"elementor-widget-container\">\n\t\t\t\t\t\t\t\t<section class=\"cs-posts cs-posts__horizontal\">\r\n\t\t\t\t\t\t\t\t\t\t<div class=\"cs-posts-area cs-posts-area-elementor \" data-posts-area=\"\">\r\n\t\t\t\t\t\t\t<div class=\"cs-posts-area__outer\">\r\n\t\t\t\t\t\t\t\t<div\r\n\t\t\t\t\t\t\t\tclass=\"cs-posts-area__main\"\r\n\t\t\t\t\t\t\t\tdata-pc=\"1\"\r\n\t\t\t\t\t\t\t\tdata-lt=\"1\"\r\n\t\t\t\t\t\t\t\tdata-tb=\"1\"\r\n\t\t\t\t\t\t\t\tdata-mb=\"1\"\r\n\t\t\t\t\t\t\t\t>\r\n\t\t\t\t\t\t\t\t\t\r\n<article class=\"post-4095 post type-post status-publish format-standard has-post-thumbnail category-noticias-politica-uk tag-keir-starmer cs-entry cs-video-wrap\">\r\n\t<div class=\"cs-entry__outer cs-entry__outer-small cs-entry__outer-thumbnail-left\">\r\n\t\t\t\t\t<div class=\"cs-entry__inner cs-entry__overlay cs-entry__thumbnail cs-overlay-ratio cs-ratio-landscape-16-9\">\r\n\r\n\t\t\t\t<div class=\"cs-overlay-background\">\r\n\t\t\t\t\t<img loading=\"lazy\" decoding=\"async\" width=\"332\" height=\"187\" src=\"https:\/\/globalportalnews.com\/es\/wp-content\/uploads\/sites\/2\/2025\/03\/Rachel_Reeves_Keir_Starmer_and_Angela_Rayner-332x187.webp\" class=\"attachment-csco-thumbnail-uncropped size-csco-thumbnail-uncropped wp-post-image\" alt=\"Rachel Reeves, Keir Starmer and Angela Rayner en el congreso\" srcset=\"https:\/\/globalportalnews.com\/es\/wp-content\/uploads\/sites\/2\/2025\/03\/Rachel_Reeves_Keir_Starmer_and_Angela_Rayner-332x187.webp 332w, https:\/\/globalportalnews.com\/es\/wp-content\/uploads\/sites\/2\/2025\/03\/Rachel_Reeves_Keir_Starmer_and_Angela_Rayner-300x169.webp 300w, https:\/\/globalportalnews.com\/es\/wp-content\/uploads\/sites\/2\/2025\/03\/Rachel_Reeves_Keir_Starmer_and_Angela_Rayner-1024x576.webp 1024w, https:\/\/globalportalnews.com\/es\/wp-content\/uploads\/sites\/2\/2025\/03\/Rachel_Reeves_Keir_Starmer_and_Angela_Rayner-768x432.webp 768w, https:\/\/globalportalnews.com\/es\/wp-content\/uploads\/sites\/2\/2025\/03\/Rachel_Reeves_Keir_Starmer_and_Angela_Rayner-1536x864.webp 1536w, https:\/\/globalportalnews.com\/es\/wp-content\/uploads\/sites\/2\/2025\/03\/Rachel_Reeves_Keir_Starmer_and_Angela_Rayner-664x374.webp 664w, https:\/\/globalportalnews.com\/es\/wp-content\/uploads\/sites\/2\/2025\/03\/Rachel_Reeves_Keir_Starmer_and_Angela_Rayner-688x387.webp 688w, https:\/\/globalportalnews.com\/es\/wp-content\/uploads\/sites\/2\/2025\/03\/Rachel_Reeves_Keir_Starmer_and_Angela_Rayner-1376x774.webp 1376w, https:\/\/globalportalnews.com\/es\/wp-content\/uploads\/sites\/2\/2025\/03\/Rachel_Reeves_Keir_Starmer_and_Angela_Rayner-1044x587.webp 1044w, https:\/\/globalportalnews.com\/es\/wp-content\/uploads\/sites\/2\/2025\/03\/Rachel_Reeves_Keir_Starmer_and_Angela_Rayner-1400x788.webp 1400w, https:\/\/globalportalnews.com\/es\/wp-content\/uploads\/sites\/2\/2025\/03\/Rachel_Reeves_Keir_Starmer_and_Angela_Rayner.webp 1920w\" sizes=\"(max-width: 332px) 100vw, 332px\" \/>\t\t\t\t\t<img loading=\"lazy\" decoding=\"async\" width=\"332\" height=\"186\" src=\"https:\/\/globalportalnews.com\/es\/wp-content\/uploads\/sites\/2\/2025\/03\/Rachel_Reeves_Keir_Starmer_and_Angela_Rayner-332x186.webp\" class=\"attachment-csco-thumbnail size-csco-thumbnail wp-post-image\" alt=\"Rachel Reeves, Keir Starmer and Angela Rayner en el congreso\" srcset=\"https:\/\/globalportalnews.com\/es\/wp-content\/uploads\/sites\/2\/2025\/03\/Rachel_Reeves_Keir_Starmer_and_Angela_Rayner-332x187.webp 332w, https:\/\/globalportalnews.com\/es\/wp-content\/uploads\/sites\/2\/2025\/03\/Rachel_Reeves_Keir_Starmer_and_Angela_Rayner-300x169.webp 300w, https:\/\/globalportalnews.com\/es\/wp-content\/uploads\/sites\/2\/2025\/03\/Rachel_Reeves_Keir_Starmer_and_Angela_Rayner-1024x576.webp 1024w, https:\/\/globalportalnews.com\/es\/wp-content\/uploads\/sites\/2\/2025\/03\/Rachel_Reeves_Keir_Starmer_and_Angela_Rayner-768x432.webp 768w, https:\/\/globalportalnews.com\/es\/wp-content\/uploads\/sites\/2\/2025\/03\/Rachel_Reeves_Keir_Starmer_and_Angela_Rayner-1536x864.webp 1536w, https:\/\/globalportalnews.com\/es\/wp-content\/uploads\/sites\/2\/2025\/03\/Rachel_Reeves_Keir_Starmer_and_Angela_Rayner-664x374.webp 664w, https:\/\/globalportalnews.com\/es\/wp-content\/uploads\/sites\/2\/2025\/03\/Rachel_Reeves_Keir_Starmer_and_Angela_Rayner-688x387.webp 688w, https:\/\/globalportalnews.com\/es\/wp-content\/uploads\/sites\/2\/2025\/03\/Rachel_Reeves_Keir_Starmer_and_Angela_Rayner-1376x774.webp 1376w, https:\/\/globalportalnews.com\/es\/wp-content\/uploads\/sites\/2\/2025\/03\/Rachel_Reeves_Keir_Starmer_and_Angela_Rayner-1044x587.webp 1044w, https:\/\/globalportalnews.com\/es\/wp-content\/uploads\/sites\/2\/2025\/03\/Rachel_Reeves_Keir_Starmer_and_Angela_Rayner-1400x788.webp 1400w, https:\/\/globalportalnews.com\/es\/wp-content\/uploads\/sites\/2\/2025\/03\/Rachel_Reeves_Keir_Starmer_and_Angela_Rayner.webp 1920w\" sizes=\"(max-width: 332px) 100vw, 332px\" \/>\t\t\t\t<\/div>\r\n\r\n\t\t\t\t\r\n\t\t\t\t\r\n\t\t\t\t<a href=\"https:\/\/globalportalnews.com\/es\/noticias-politica-uk\/keir-starmer-dimision-escandalo-mandelson-reino-unido\/\" class=\"cs-overlay-link\" title=\"\u00bfDimitir\u00e1 Keir Starmer? El esc\u00e1ndalo Mandelson y las acusaciones de enga\u00f1o al Parlamento desatan una crisis en Reino Unido\"><\/a>\r\n\t\t\t<\/div>\r\n\t\t\r\n\t\t<div class=\"cs-entry__inner cs-entry__content cs-entry__content-horizontal\">\r\n\t\t\t<div class=\"cs-entry__post-meta\" ><div class=\"cs-meta-category\"><ul class=\"post-categories\">\n\t<li><a href=\"https:\/\/globalportalnews.com\/es\/.\/noticias-politica-uk\/\" rel=\"category tag\">Pol\u00edtica del Reino Unido<\/a><\/li><\/ul><\/div><\/div>\r\n\t\t\t<h2 class=\"cs-entry__title\"><a href=\"https:\/\/globalportalnews.com\/es\/noticias-politica-uk\/keir-starmer-dimision-escandalo-mandelson-reino-unido\/\">\u00bfDimitir\u00e1 Keir Starmer? El esc\u00e1ndalo Mandelson y las acusaciones de enga\u00f1o al Parlamento desatan una crisis en Reino Unido<\/a><\/h2>\r\n\t\t\t\r\n\t\t\t<div class=\"cs-entry__post-meta\" ><div class=\"cs-meta-author\"><span class=\"cs-meta-author-by\">by<\/span><a class=\"cs-meta-author-link url fn n\" href=\"https:\/\/globalportalnews.com\/es\/author\/globalportalnewsgmail-com\/\"><span class=\"cs-meta-author-name\">globalportalnews@gmail.com<\/span><\/a><\/div><div class=\"cs-meta-date\">17 de abril de 2026<\/div><\/div>\t\t<\/div>\r\n\t<\/div>\r\n<\/article>\r\n\t\t\t\t\t\t\t\t<\/div>\r\n\t\t\t\t\t\t\t<\/div>\r\n\t\t\t\t\t\t<\/div>\r\n\t\t\t\t\t\t\t\t<\/section>\r\n\t\t\t\t\t\t<\/div>\n\t\t\t\t<\/div>\n\t\t\t\t<div class=\"elementor-element elementor-element-6ddd7d3 elementor-widget elementor-widget-heading\" data-id=\"6ddd7d3\" data-element_type=\"widget\" data-e-type=\"widget\" data-widget_type=\"heading.default\">\n\t\t\t\t<div class=\"elementor-widget-container\">\n\t\t\t\t\t<h2 class=\"elementor-heading-title elementor-size-default\">El Gobierno defiende su actuaci\u00f3n y niega irregularidades<\/h2>\t\t\t\t<\/div>\n\t\t\t\t<\/div>\n\t\t\t\t<div class=\"elementor-element elementor-element-588c204 elementor-widget elementor-widget-text-editor\" data-id=\"588c204\" data-element_type=\"widget\" data-e-type=\"widget\" data-widget_type=\"text-editor.default\">\n\t\t\t\t<div class=\"elementor-widget-container\">\n\t\t\t\t\t\t\t\t\t<p>Desde el Ejecutivo brit\u00e1nico, altos cargos han defendido la gesti\u00f3n del caso y han tratado de reducir la tensi\u00f3n pol\u00edtica.<\/p><p>El gobierno insiste en que no <strong>existe ning\u00fan intento de ocultar informaci\u00f3n<\/strong> y que el debate actual est\u00e1 sobredimensionando un proceso administrativo gestionado dentro de los cauces habituales.<\/p><p>Sin embargo, <strong>reconocen que la controversia ha incrementado la presi\u00f3n pol\u00edtica<\/strong> en un momento sensible para el gobierno de Starmer.<\/p>\t\t\t\t\t\t\t\t<\/div>\n\t\t\t\t<\/div>\n\t\t\t\t<div class=\"elementor-element elementor-element-295243b elementor-widget elementor-widget-image\" data-id=\"295243b\" data-element_type=\"widget\" data-e-type=\"widget\" data-widget_type=\"image.default\">\n\t\t\t\t<div class=\"elementor-widget-container\">\n\t\t\t\t\t\t\t\t\t\t\t\t\t\t\t<img loading=\"lazy\" decoding=\"async\" width=\"1024\" height=\"576\" src=\"https:\/\/globalportalnews.com\/es\/wp-content\/uploads\/sites\/2\/2026\/02\/Prime_Minister_Keir_Starmer_hosts_first_Cabinet_53838994618-1024x576.webp\" class=\"attachment-large size-large wp-image-2809\" alt=\"Londres, Reino Unido. El primer ministro Keir Starmer recibe a su primer gabinete en el n\u00famero 10 de Downing Street. Fotograf\u00eda de Lauren Hurley \/ N\u00famero 10 de Downing Street.\" srcset=\"https:\/\/globalportalnews.com\/es\/wp-content\/uploads\/sites\/2\/2026\/02\/Prime_Minister_Keir_Starmer_hosts_first_Cabinet_53838994618-1024x576.webp 1024w, https:\/\/globalportalnews.com\/es\/wp-content\/uploads\/sites\/2\/2026\/02\/Prime_Minister_Keir_Starmer_hosts_first_Cabinet_53838994618-300x169.webp 300w, https:\/\/globalportalnews.com\/es\/wp-content\/uploads\/sites\/2\/2026\/02\/Prime_Minister_Keir_Starmer_hosts_first_Cabinet_53838994618-768x432.webp 768w, https:\/\/globalportalnews.com\/es\/wp-content\/uploads\/sites\/2\/2026\/02\/Prime_Minister_Keir_Starmer_hosts_first_Cabinet_53838994618-1536x864.webp 1536w, https:\/\/globalportalnews.com\/es\/wp-content\/uploads\/sites\/2\/2026\/02\/Prime_Minister_Keir_Starmer_hosts_first_Cabinet_53838994618-332x187.webp 332w, https:\/\/globalportalnews.com\/es\/wp-content\/uploads\/sites\/2\/2026\/02\/Prime_Minister_Keir_Starmer_hosts_first_Cabinet_53838994618-664x374.webp 664w, https:\/\/globalportalnews.com\/es\/wp-content\/uploads\/sites\/2\/2026\/02\/Prime_Minister_Keir_Starmer_hosts_first_Cabinet_53838994618-688x387.webp 688w, https:\/\/globalportalnews.com\/es\/wp-content\/uploads\/sites\/2\/2026\/02\/Prime_Minister_Keir_Starmer_hosts_first_Cabinet_53838994618-1376x774.webp 1376w, https:\/\/globalportalnews.com\/es\/wp-content\/uploads\/sites\/2\/2026\/02\/Prime_Minister_Keir_Starmer_hosts_first_Cabinet_53838994618-1044x587.webp 1044w, https:\/\/globalportalnews.com\/es\/wp-content\/uploads\/sites\/2\/2026\/02\/Prime_Minister_Keir_Starmer_hosts_first_Cabinet_53838994618-1400x788.webp 1400w, https:\/\/globalportalnews.com\/es\/wp-content\/uploads\/sites\/2\/2026\/02\/Prime_Minister_Keir_Starmer_hosts_first_Cabinet_53838994618.webp 1920w\" sizes=\"(max-width: 1024px) 100vw, 1024px\" \/>\t\t\t\t\t\t\t\t\t\t\t\t\t\t\t<\/div>\n\t\t\t\t<\/div>\n\t\t\t\t<div class=\"elementor-element elementor-element-63a5fee elementor-widget elementor-widget-heading\" data-id=\"63a5fee\" data-element_type=\"widget\" data-e-type=\"widget\" data-widget_type=\"heading.default\">\n\t\t\t\t<div class=\"elementor-widget-container\">\n\t\t\t\t\t<h2 class=\"elementor-heading-title elementor-size-default\">Tensiones internas dentro del Partido Laborista<\/h2>\t\t\t\t<\/div>\n\t\t\t\t<\/div>\n\t\t\t\t<div class=\"elementor-element elementor-element-c76cf47 elementor-widget elementor-widget-text-editor\" data-id=\"c76cf47\" data-element_type=\"widget\" data-e-type=\"widget\" data-widget_type=\"text-editor.default\">\n\t\t\t\t<div class=\"elementor-widget-container\">\n\t\t\t\t\t\t\t\t\t<p>Aunque Keir Starmer mantiene p\u00fablicamente el control del partido, el episodio ha puesto de relieve <strong>tensiones internas en el Labour Party<\/strong>.<\/p><p>Algunos sectores han expresado preocupaci\u00f3n por el impacto pol\u00edtico del caso, especialmente en un contexto de creciente escrutinio medi\u00e1tico y preparaci\u00f3n electoral.<\/p><p>Al mismo tiempo, otros diputados han cerrado filas en torno al liderazgo, insistiendo en la necesidad de mantener la estabilidad pol\u00edtica y evitar una crisis interna abierta.<\/p>\t\t\t\t\t\t\t\t<\/div>\n\t\t\t\t<\/div>\n\t\t\t\t<div class=\"elementor-element elementor-element-219e5d8 elementor-widget elementor-widget-heading\" data-id=\"219e5d8\" data-element_type=\"widget\" data-e-type=\"widget\" data-widget_type=\"heading.default\">\n\t\t\t\t<div class=\"elementor-widget-container\">\n\t\t\t\t\t<h2 class=\"elementor-heading-title elementor-size-default\">Starmer intenta centrar el debate en pol\u00edtica internacional<\/h2>\t\t\t\t<\/div>\n\t\t\t\t<\/div>\n\t\t\t\t<div class=\"elementor-element elementor-element-f8789a4 elementor-widget elementor-widget-text-editor\" data-id=\"f8789a4\" data-element_type=\"widget\" data-e-type=\"widget\" data-widget_type=\"text-editor.default\">\n\t\t\t\t<div class=\"elementor-widget-container\">\n\t\t\t\t\t\t\t\t\t<p>El primer ministro ha tratado de desplazar el foco pol\u00edtico hacia cuestiones internacionales, <strong>destacando conflictos globales como Ucrania y Oriente Medio como prioridades estrat\u00e9gicas del gobierno<\/strong>.<\/p><p>Starmer argumenta que estas crisis tienen un impacto directo en la econom\u00eda y la seguridad del Reino Unido, y que deben ocupar el centro de la agenda pol\u00edtica nacional.<\/p><p>Seg\u00fan su visi\u00f3n, la estabilidad internacional es actualmente m\u00e1s relevante que las disputas internas dentro del partido.<\/p>\t\t\t\t\t\t\t\t<\/div>\n\t\t\t\t<\/div>\n\t\t\t\t<div class=\"elementor-element elementor-element-9d35054 elementor-widget elementor-widget-image\" data-id=\"9d35054\" data-element_type=\"widget\" data-e-type=\"widget\" data-widget_type=\"image.default\">\n\t\t\t\t<div class=\"elementor-widget-container\">\n\t\t\t\t\t\t\t\t\t\t\t\t\t\t\t<img loading=\"lazy\" decoding=\"async\" width=\"1024\" height=\"576\" src=\"https:\/\/globalportalnews.com\/es\/wp-content\/uploads\/sites\/2\/2026\/02\/Ballot_box_in_Bristol_city_centre_2328-1024x576.webp\" class=\"attachment-large size-large wp-image-3346\" alt=\"Urna electoral en el centro de Bristol\" srcset=\"https:\/\/globalportalnews.com\/es\/wp-content\/uploads\/sites\/2\/2026\/02\/Ballot_box_in_Bristol_city_centre_2328-1024x576.webp 1024w, https:\/\/globalportalnews.com\/es\/wp-content\/uploads\/sites\/2\/2026\/02\/Ballot_box_in_Bristol_city_centre_2328-300x169.webp 300w, https:\/\/globalportalnews.com\/es\/wp-content\/uploads\/sites\/2\/2026\/02\/Ballot_box_in_Bristol_city_centre_2328-768x432.webp 768w, https:\/\/globalportalnews.com\/es\/wp-content\/uploads\/sites\/2\/2026\/02\/Ballot_box_in_Bristol_city_centre_2328-1536x864.webp 1536w, https:\/\/globalportalnews.com\/es\/wp-content\/uploads\/sites\/2\/2026\/02\/Ballot_box_in_Bristol_city_centre_2328-332x187.webp 332w, https:\/\/globalportalnews.com\/es\/wp-content\/uploads\/sites\/2\/2026\/02\/Ballot_box_in_Bristol_city_centre_2328-664x374.webp 664w, https:\/\/globalportalnews.com\/es\/wp-content\/uploads\/sites\/2\/2026\/02\/Ballot_box_in_Bristol_city_centre_2328-688x387.webp 688w, https:\/\/globalportalnews.com\/es\/wp-content\/uploads\/sites\/2\/2026\/02\/Ballot_box_in_Bristol_city_centre_2328-1376x774.webp 1376w, https:\/\/globalportalnews.com\/es\/wp-content\/uploads\/sites\/2\/2026\/02\/Ballot_box_in_Bristol_city_centre_2328-1044x587.webp 1044w, https:\/\/globalportalnews.com\/es\/wp-content\/uploads\/sites\/2\/2026\/02\/Ballot_box_in_Bristol_city_centre_2328-1400x788.webp 1400w, https:\/\/globalportalnews.com\/es\/wp-content\/uploads\/sites\/2\/2026\/02\/Ballot_box_in_Bristol_city_centre_2328.webp 1920w\" sizes=\"(max-width: 1024px) 100vw, 1024px\" \/>\t\t\t\t\t\t\t\t\t\t\t\t\t\t\t<\/div>\n\t\t\t\t<\/div>\n\t\t\t\t<div class=\"elementor-element elementor-element-e651ea1 elementor-widget elementor-widget-heading\" data-id=\"e651ea1\" data-element_type=\"widget\" data-e-type=\"widget\" data-widget_type=\"heading.default\">\n\t\t\t\t<div class=\"elementor-widget-container\">\n\t\t\t\t\t<h2 class=\"elementor-heading-title elementor-size-default\">Advertencias sobre el impacto electoral<\/h2>\t\t\t\t<\/div>\n\t\t\t\t<\/div>\n\t\t\t\t<div class=\"elementor-element elementor-element-b70f568 elementor-widget elementor-widget-text-editor\" data-id=\"b70f568\" data-element_type=\"widget\" data-e-type=\"widget\" data-widget_type=\"text-editor.default\">\n\t\t\t\t<div class=\"elementor-widget-container\">\n\t\t\t\t\t\t\t\t\t<p><a href=\"https:\/\/globalportalnews.com\/es\/noticias-politica-uk\/elecciones-locales-reino-unido-2026\/\">Altos cargos del gobierno han reconocido en privado que el contexto pol\u00edtico actual <strong>podr\u00eda complicar los pr\u00f3ximos ciclos electorales<\/strong><\/a>.<\/p><p>Aunque el Labour Party mantiene posiciones favorables en intenci\u00f3n de voto en varios escenarios, la acumulaci\u00f3n de controversias podr\u00eda afectar la percepci\u00f3n p\u00fablica del liderazgo de Starmer.<\/p><p>El propio gobierno admite que el entorno pol\u00edtico es m\u00e1s complejo de lo previsto, aunque insiste en que mantiene capacidad para competir electoralmente.<\/p>\t\t\t\t\t\t\t\t<\/div>\n\t\t\t\t<\/div>\n\t\t\t\t<div class=\"elementor-element elementor-element-6314a71 elementor-widget elementor-widget-cs-posts\" data-id=\"6314a71\" data-element_type=\"widget\" data-e-type=\"widget\" data-widget_type=\"cs-posts.default\">\n\t\t\t\t<div class=\"elementor-widget-container\">\n\t\t\t\t\t\t\t\t<section class=\"cs-posts cs-posts__horizontal\">\r\n\t\t\t\t\t\t\t\t\t\t<div class=\"cs-posts-area cs-posts-area-elementor \" data-posts-area=\"\">\r\n\t\t\t\t\t\t\t<div class=\"cs-posts-area__outer\">\r\n\t\t\t\t\t\t\t\t<div\r\n\t\t\t\t\t\t\t\tclass=\"cs-posts-area__main\"\r\n\t\t\t\t\t\t\t\tdata-pc=\"1\"\r\n\t\t\t\t\t\t\t\tdata-lt=\"1\"\r\n\t\t\t\t\t\t\t\tdata-tb=\"1\"\r\n\t\t\t\t\t\t\t\tdata-mb=\"1\"\r\n\t\t\t\t\t\t\t\t>\r\n\t\t\t\t\t\t\t\t\t\r\n<article class=\"post-4209 post type-post status-publish format-standard has-post-thumbnail category-noticias-politica-uk tag-keir-starmer cs-entry cs-video-wrap\">\r\n\t<div class=\"cs-entry__outer cs-entry__outer-small cs-entry__outer-thumbnail-left\">\r\n\t\t\t\t\t<div class=\"cs-entry__inner cs-entry__overlay cs-entry__thumbnail cs-overlay-ratio cs-ratio-landscape-16-9\">\r\n\r\n\t\t\t\t<div class=\"cs-overlay-background\">\r\n\t\t\t\t\t<img loading=\"lazy\" decoding=\"async\" width=\"332\" height=\"187\" src=\"https:\/\/globalportalnews.com\/es\/wp-content\/uploads\/sites\/2\/2026\/02\/Prime_Minister_Keir_Starmer_hosts_first_Cabinet_53838994618-332x187.webp\" class=\"attachment-csco-thumbnail-uncropped size-csco-thumbnail-uncropped wp-post-image\" alt=\"Londres, Reino Unido. El primer ministro Keir Starmer recibe a su primer gabinete en el n\u00famero 10 de Downing Street. Fotograf\u00eda de Lauren Hurley \/ N\u00famero 10 de Downing Street.\" srcset=\"https:\/\/globalportalnews.com\/es\/wp-content\/uploads\/sites\/2\/2026\/02\/Prime_Minister_Keir_Starmer_hosts_first_Cabinet_53838994618-332x187.webp 332w, https:\/\/globalportalnews.com\/es\/wp-content\/uploads\/sites\/2\/2026\/02\/Prime_Minister_Keir_Starmer_hosts_first_Cabinet_53838994618-300x169.webp 300w, https:\/\/globalportalnews.com\/es\/wp-content\/uploads\/sites\/2\/2026\/02\/Prime_Minister_Keir_Starmer_hosts_first_Cabinet_53838994618-1024x576.webp 1024w, https:\/\/globalportalnews.com\/es\/wp-content\/uploads\/sites\/2\/2026\/02\/Prime_Minister_Keir_Starmer_hosts_first_Cabinet_53838994618-768x432.webp 768w, https:\/\/globalportalnews.com\/es\/wp-content\/uploads\/sites\/2\/2026\/02\/Prime_Minister_Keir_Starmer_hosts_first_Cabinet_53838994618-1536x864.webp 1536w, https:\/\/globalportalnews.com\/es\/wp-content\/uploads\/sites\/2\/2026\/02\/Prime_Minister_Keir_Starmer_hosts_first_Cabinet_53838994618-664x374.webp 664w, https:\/\/globalportalnews.com\/es\/wp-content\/uploads\/sites\/2\/2026\/02\/Prime_Minister_Keir_Starmer_hosts_first_Cabinet_53838994618-688x387.webp 688w, https:\/\/globalportalnews.com\/es\/wp-content\/uploads\/sites\/2\/2026\/02\/Prime_Minister_Keir_Starmer_hosts_first_Cabinet_53838994618-1376x774.webp 1376w, https:\/\/globalportalnews.com\/es\/wp-content\/uploads\/sites\/2\/2026\/02\/Prime_Minister_Keir_Starmer_hosts_first_Cabinet_53838994618-1044x587.webp 1044w, https:\/\/globalportalnews.com\/es\/wp-content\/uploads\/sites\/2\/2026\/02\/Prime_Minister_Keir_Starmer_hosts_first_Cabinet_53838994618-1400x788.webp 1400w, https:\/\/globalportalnews.com\/es\/wp-content\/uploads\/sites\/2\/2026\/02\/Prime_Minister_Keir_Starmer_hosts_first_Cabinet_53838994618.webp 1920w\" sizes=\"(max-width: 332px) 100vw, 332px\" \/>\t\t\t\t\t<img loading=\"lazy\" decoding=\"async\" width=\"332\" height=\"186\" src=\"https:\/\/globalportalnews.com\/es\/wp-content\/uploads\/sites\/2\/2026\/02\/Prime_Minister_Keir_Starmer_hosts_first_Cabinet_53838994618-332x186.webp\" class=\"attachment-csco-thumbnail size-csco-thumbnail wp-post-image\" alt=\"Londres, Reino Unido. El primer ministro Keir Starmer recibe a su primer gabinete en el n\u00famero 10 de Downing Street. Fotograf\u00eda de Lauren Hurley \/ N\u00famero 10 de Downing Street.\" srcset=\"https:\/\/globalportalnews.com\/es\/wp-content\/uploads\/sites\/2\/2026\/02\/Prime_Minister_Keir_Starmer_hosts_first_Cabinet_53838994618-332x187.webp 332w, https:\/\/globalportalnews.com\/es\/wp-content\/uploads\/sites\/2\/2026\/02\/Prime_Minister_Keir_Starmer_hosts_first_Cabinet_53838994618-300x169.webp 300w, https:\/\/globalportalnews.com\/es\/wp-content\/uploads\/sites\/2\/2026\/02\/Prime_Minister_Keir_Starmer_hosts_first_Cabinet_53838994618-1024x576.webp 1024w, https:\/\/globalportalnews.com\/es\/wp-content\/uploads\/sites\/2\/2026\/02\/Prime_Minister_Keir_Starmer_hosts_first_Cabinet_53838994618-768x432.webp 768w, https:\/\/globalportalnews.com\/es\/wp-content\/uploads\/sites\/2\/2026\/02\/Prime_Minister_Keir_Starmer_hosts_first_Cabinet_53838994618-1536x864.webp 1536w, https:\/\/globalportalnews.com\/es\/wp-content\/uploads\/sites\/2\/2026\/02\/Prime_Minister_Keir_Starmer_hosts_first_Cabinet_53838994618-664x374.webp 664w, https:\/\/globalportalnews.com\/es\/wp-content\/uploads\/sites\/2\/2026\/02\/Prime_Minister_Keir_Starmer_hosts_first_Cabinet_53838994618-688x387.webp 688w, https:\/\/globalportalnews.com\/es\/wp-content\/uploads\/sites\/2\/2026\/02\/Prime_Minister_Keir_Starmer_hosts_first_Cabinet_53838994618-1376x774.webp 1376w, https:\/\/globalportalnews.com\/es\/wp-content\/uploads\/sites\/2\/2026\/02\/Prime_Minister_Keir_Starmer_hosts_first_Cabinet_53838994618-1044x587.webp 1044w, https:\/\/globalportalnews.com\/es\/wp-content\/uploads\/sites\/2\/2026\/02\/Prime_Minister_Keir_Starmer_hosts_first_Cabinet_53838994618-1400x788.webp 1400w, https:\/\/globalportalnews.com\/es\/wp-content\/uploads\/sites\/2\/2026\/02\/Prime_Minister_Keir_Starmer_hosts_first_Cabinet_53838994618.webp 1920w\" sizes=\"(max-width: 332px) 100vw, 332px\" \/>\t\t\t\t<\/div>\r\n\r\n\t\t\t\t\r\n\t\t\t\t\r\n\t\t\t\t<a href=\"https:\/\/globalportalnews.com\/es\/noticias-politica-uk\/elecciones-locales-reino-unido-2026\/\" class=\"cs-overlay-link\" title=\"Elecciones locales en Reino Unido 2026: encuestas anticipan una debacle hist\u00f3rica para Labour y presi\u00f3n sobre Starmer\"><\/a>\r\n\t\t\t<\/div>\r\n\t\t\r\n\t\t<div class=\"cs-entry__inner cs-entry__content cs-entry__content-horizontal\">\r\n\t\t\t<div class=\"cs-entry__post-meta\" ><div class=\"cs-meta-category\"><ul class=\"post-categories\">\n\t<li><a href=\"https:\/\/globalportalnews.com\/es\/.\/noticias-politica-uk\/\" rel=\"category tag\">Pol\u00edtica del Reino Unido<\/a><\/li><\/ul><\/div><\/div>\r\n\t\t\t<h2 class=\"cs-entry__title\"><a href=\"https:\/\/globalportalnews.com\/es\/noticias-politica-uk\/elecciones-locales-reino-unido-2026\/\">Elecciones locales en Reino Unido 2026: encuestas anticipan una debacle hist\u00f3rica para Labour y presi\u00f3n sobre Starmer<\/a><\/h2>\r\n\t\t\t\r\n\t\t\t<div class=\"cs-entry__post-meta\" ><div class=\"cs-meta-author\"><span class=\"cs-meta-author-by\">by<\/span><a class=\"cs-meta-author-link url fn n\" href=\"https:\/\/globalportalnews.com\/es\/author\/globalportalnewsgmail-com\/\"><span class=\"cs-meta-author-name\">globalportalnews@gmail.com<\/span><\/a><\/div><div class=\"cs-meta-date\">25 de abril de 2026<\/div><\/div>\t\t<\/div>\r\n\t<\/div>\r\n<\/article>\r\n\t\t\t\t\t\t\t\t<\/div>\r\n\t\t\t\t\t\t\t<\/div>\r\n\t\t\t\t\t\t<\/div>\r\n\t\t\t\t\t\t\t\t<\/section>\r\n\t\t\t\t\t\t<\/div>\n\t\t\t\t<\/div>\n\t\t\t\t<div class=\"elementor-element elementor-element-eb82c02 elementor-widget elementor-widget-heading\" data-id=\"eb82c02\" data-element_type=\"widget\" data-e-type=\"widget\" data-widget_type=\"heading.default\">\n\t\t\t\t<div class=\"elementor-widget-container\">\n\t\t\t\t\t<h2 class=\"elementor-heading-title elementor-size-default\">Un liderazgo bajo presi\u00f3n constante<\/h2>\t\t\t\t<\/div>\n\t\t\t\t<\/div>\n\t\t\t\t<div class=\"elementor-element elementor-element-e334982 elementor-widget elementor-widget-text-editor\" data-id=\"e334982\" data-element_type=\"widget\" data-e-type=\"widget\" data-widget_type=\"text-editor.default\">\n\t\t\t\t<div class=\"elementor-widget-container\">\n\t\t\t\t\t\t\t\t\t<p>La situaci\u00f3n actual no representa una amenaza inmediata para el liderazgo de Keir Starmer, pero s\u00ed un periodo de creciente presi\u00f3n pol\u00edtica.<\/p><p><a href=\"https:\/\/globalportalnews.com\/es\/noticias-politica-uk\/escandalo-mandelson-starmer-parlamento-fallos-seguridad\/\"><strong>Entre el caso Mandelson, las cr\u00edticas de la oposici\u00f3n y las tensiones internas<\/strong><\/a>, el primer ministro afronta uno de los momentos m\u00e1s delicados desde que asumi\u00f3 el cargo.<\/p><p>El equilibrio entre el control interno del partido y la gesti\u00f3n de crisis externas ser\u00e1 clave en los pr\u00f3ximos meses.<\/p>\t\t\t\t\t\t\t\t<\/div>\n\t\t\t\t<\/div>\n\t\t\t\t<div class=\"elementor-element elementor-element-b87f7c8 elementor-widget elementor-widget-heading\" data-id=\"b87f7c8\" data-element_type=\"widget\" data-e-type=\"widget\" data-widget_type=\"heading.default\">\n\t\t\t\t<div class=\"elementor-widget-container\">\n\t\t\t\t\t<h2 class=\"elementor-heading-title elementor-size-default\">Estabilidad pol\u00edtica bajo prueba en el Reino Unido<\/h2>\t\t\t\t<\/div>\n\t\t\t\t<\/div>\n\t\t\t\t<div class=\"elementor-element elementor-element-f78e64b elementor-widget elementor-widget-text-editor\" data-id=\"f78e64b\" data-element_type=\"widget\" data-e-type=\"widget\" data-widget_type=\"text-editor.default\">\n\t\t\t\t<div class=\"elementor-widget-container\">\n\t\t\t\t\t\t\t\t\t<p>Keir Starmer mantiene su posici\u00f3n como l\u00edder del Partido Laborista, pero <strong>el contexto pol\u00edtico muestra signos claros de tensi\u00f3n<\/strong>.<\/p><p>El caso Mandelson ha intensificado el debate sobre transparencia, toma de decisiones y cohesi\u00f3n interna dentro del gobierno brit\u00e1nico.<\/p><p>En este escenario, el primer ministro <strong>insiste en que cuenta con el apoyo de la mayor\u00eda de su partido<\/strong> y que su prioridad sigue siendo la estabilidad del pa\u00eds y la gesti\u00f3n de las crisis internacionales.<\/p><p>Sin embargo, la evoluci\u00f3n de este caso ser\u00e1 determinante para evaluar la fortaleza real de su liderazgo en los pr\u00f3ximos meses.<\/p>\t\t\t\t\t\t\t\t<\/div>\n\t\t\t\t<\/div>\n\t\t\t\t\t<\/div>\n\t\t\t\t<\/div>\n\t\t<div class=\"elementor-element elementor-element-c7e9f6a e-flex e-con-boxed e-con e-parent\" data-id=\"c7e9f6a\" data-element_type=\"container\" data-e-type=\"container\">\n\t\t\t\t\t<div class=\"e-con-inner\">\n\t\t\t\t<div class=\"elementor-element elementor-element-eb9307b elementor-widget elementor-widget-text-editor\" data-id=\"eb9307b\" data-element_type=\"widget\" data-e-type=\"widget\" data-widget_type=\"text-editor.default\">\n\t\t\t\t<div class=\"elementor-widget-container\">\n\t\t\t\t\t\t\t\t\t<p><strong>Fuentes Noticias:<\/strong><\/p><p><a href=\"https:\/\/www.bbc.com\/news\/articles\/c705228kpx9o\">https:\/\/www.bbc.com\/news\/articles\/<\/a><\/p><p><a href=\"https:\/\/www.theguardian.com\/politics\/live\/2026\/apr\/26\/keir-starmer-labour-support-mandelson-controversy-uk-politics-live\">https:\/\/www.theguardian.com\/politics\/live\/<\/a><\/p><p><strong>Cr\u00e9dito Im\u00e1genes:<\/strong><\/p><p><em>\u201cRachel Reeves, Keir Starmer and Angela Rayner\u201d<\/em>\u00a0por Chris McAndrew, licencia CC BY 3.0, v\u00eda\u00a0<a href=\"https:\/\/w.wiki\/Dsj$\">Wikimedia Commons<\/a><\/p><p><em>\u201cBallot box in Bristol city centre (2328).jpg\u201d, foto de Nilfanion, CC BY-SA 4.0 (<a href=\"https:\/\/creativecommons.org\/licenses\/by-sa\/4.0\">https:\/\/creativecommons.org\/licenses\/by-sa\/4.0<\/a>). Wikimedia:\u00a0<a href=\"https:\/\/w.wiki\/H$NH\">https:\/\/w.wiki\/H$NH<\/a><\/em><\/p><p>Fotograf\u00eda del primer ministro brit\u00e1nico\u00a0<strong>Keir Starmer encabezando su primera reuni\u00f3n del Gabinete en Downing Street<\/strong>, Londres, el\u00a0<strong>6 de julio de 2024<\/strong>. La imagen fue tomada por\u00a0<strong>Lauren Hurley<\/strong>\u00a0para la oficina oficial de\u00a0<strong>No. 10 Downing Street<\/strong>\u00a0y est\u00e1 publicada bajo\u00a0<strong>licencia Open Government Licence v3.0<\/strong>.\u00a0<a href=\"https:\/\/w.wiki\/HoQ3\">https:\/\/w.wiki\/HoQ3<\/a><\/p><p>Prime Minister\u2019s Questions, 7 February 2024, by \u00a9 UK Parliament \/ Maria Unger\u00a0<a href=\"https:\/\/en.wikipedia.org\/wiki\/en:Creative_Commons\">Creative Commons<\/a>\u00a0<a href=\"https:\/\/creativecommons.org\/licenses\/by\/3.0\/deed.en\">Attribution 3.0 Unported<\/a>\u00a0license.Wikimedia Commons\u00a0<a href=\"https:\/\/w.wiki\/Lwxu\">https:\/\/w.wiki\/Lwxu<\/a><\/p><p>Prime Minister Keir Starmer hosts a business roundtable by Number 10,\u00a0<a href=\"https:\/\/en.wikipedia.org\/wiki\/Creative_Commons\">Creative Commons<\/a>\u00a0license:<br \/><a href=\"https:\/\/creativecommons.org\/licenses\/by-nc-nd\/2.0\/\">Attribution-NonCommercial-NoDerivs 2.0 Generic<\/a>\u00a0Wikimedia Commons\u00a0<a href=\"https:\/\/w.wiki\/M7s8\">https:\/\/w.wiki\/M7s8<\/a><\/p>\t\t\t\t\t\t\t\t<\/div>\n\t\t\t\t<\/div>\n\t\t\t\t\t<\/div>\n\t\t\t\t<\/div>\n\t\t\t\t<\/div>\n\t\t","protected":false},"excerpt":{"rendered":"Keir Starmer afirma contar con el apoyo de la mayor\u00eda del Partido Laborista.","protected":false},"author":1,"featured_media":3767,"comment_status":"closed","ping_status":"open","sticky":false,"template":"","format":"standard","meta":{"csco_display_header_overlay":false,"csco_singular_sidebar":"","csco_page_header_type":"","csco_page_load_nextpost":"","csco_post_video_location":[],"csco_post_video_location_hash":"","csco_post_video_url":"","csco_post_video_bg_start_time":0,"csco_post_video_bg_end_time":0,"footnotes":""},"categories":[2],"tags":[23],"class_list":{"0":"post-4226","1":"post","2":"type-post","3":"status-publish","4":"format-standard","5":"has-post-thumbnail","7":"category-noticias-politica-uk","8":"tag-keir-starmer","9":"cs-entry","10":"cs-video-wrap"},"yoast_head":"<!-- This site is optimized with the Yoast SEO plugin v24.5 - https:\/\/yoast.com\/wordpress\/plugins\/seo\/ -->\n<title>\u00bfTiene Keir Starmer el apoyo del Partido Laborista? Asegura que s\u00ed y dice que puede ganar las elecciones - GPN en Espa\u00f1ol<\/title>\n<meta name=\"description\" content=\"Keir Starmer afirma contar con el apoyo de la mayor\u00eda del Partido Laborista mientras crecen las dudas internas por el caso Mandelson y la presi\u00f3n pol\u00edtica en Reino Unido.\" \/>\n<meta name=\"robots\" content=\"index, follow, max-snippet:-1, max-image-preview:large, max-video-preview:-1\" \/>\n<link rel=\"canonical\" href=\"https:\/\/globalportalnews.com\/es\/noticias-politica-uk\/keir-starmer-partido-laborista-apoyo-mandelson-elecciones\/\" \/>\n<meta property=\"og:locale\" content=\"es_ES\" \/>\n<meta property=\"og:type\" content=\"article\" \/>\n<meta property=\"og:title\" content=\"\u00bfTiene Keir Starmer el apoyo del Partido Laborista? Asegura que s\u00ed y dice que puede ganar las elecciones - GPN en Espa\u00f1ol\" \/>\n<meta property=\"og:description\" content=\"Keir Starmer afirma contar con el apoyo de la mayor\u00eda del Partido Laborista mientras crecen las dudas internas por el caso Mandelson y la presi\u00f3n pol\u00edtica en Reino Unido.\" \/>\n<meta property=\"og:url\" content=\"https:\/\/globalportalnews.com\/es\/noticias-politica-uk\/keir-starmer-partido-laborista-apoyo-mandelson-elecciones\/\" \/>\n<meta property=\"og:site_name\" content=\"GPN en Espa\u00f1ol\" \/>\n<meta property=\"article:published_time\" content=\"2026-04-26T14:19:06+00:00\" \/>\n<meta property=\"article:modified_time\" content=\"2026-04-26T14:19:25+00:00\" \/>\n<meta property=\"og:image\" content=\"https:\/\/globalportalnews.com\/es\/wp-content\/uploads\/sites\/2\/2026\/03\/Prime_Minister_Keir_Starmer_NHS_10_Year_Plan_Consultation_in_London_United_Kingdom_on_21_October_2024_-_2.webp\" \/>\n\t<meta property=\"og:image:width\" content=\"1920\" \/>\n\t<meta property=\"og:image:height\" content=\"1080\" \/>\n\t<meta property=\"og:image:type\" content=\"image\/webp\" \/>\n<meta name=\"author\" content=\"globalportalnews@gmail.com\" \/>\n<meta name=\"twitter:card\" content=\"summary_large_image\" \/>\n<meta name=\"twitter:label1\" content=\"Escrito por\" \/>\n\t<meta name=\"twitter:data1\" content=\"globalportalnews@gmail.com\" \/>\n\t<meta name=\"twitter:label2\" content=\"Tiempo de lectura\" \/>\n\t<meta name=\"twitter:data2\" content=\"7 minutos\" \/>\n<script type=\"application\/ld+json\" class=\"yoast-schema-graph\">{\"@context\":\"https:\/\/schema.org\",\"@graph\":[{\"@type\":\"WebPage\",\"@id\":\"https:\/\/globalportalnews.com\/es\/noticias-politica-uk\/keir-starmer-partido-laborista-apoyo-mandelson-elecciones\/\",\"url\":\"https:\/\/globalportalnews.com\/es\/noticias-politica-uk\/keir-starmer-partido-laborista-apoyo-mandelson-elecciones\/\",\"name\":\"\u00bfTiene Keir Starmer el apoyo del Partido Laborista? Asegura que s\u00ed y dice que puede ganar las elecciones - GPN en Espa\u00f1ol\",\"isPartOf\":{\"@id\":\"https:\/\/globalportalnews.com\/es\/#website\"},\"primaryImageOfPage\":{\"@id\":\"https:\/\/globalportalnews.com\/es\/noticias-politica-uk\/keir-starmer-partido-laborista-apoyo-mandelson-elecciones\/#primaryimage\"},\"image\":{\"@id\":\"https:\/\/globalportalnews.com\/es\/noticias-politica-uk\/keir-starmer-partido-laborista-apoyo-mandelson-elecciones\/#primaryimage\"},\"thumbnailUrl\":\"https:\/\/globalportalnews.com\/es\/wp-content\/uploads\/sites\/2\/2026\/03\/Prime_Minister_Keir_Starmer_NHS_10_Year_Plan_Consultation_in_London_United_Kingdom_on_21_October_2024_-_2.webp\",\"datePublished\":\"2026-04-26T14:19:06+00:00\",\"dateModified\":\"2026-04-26T14:19:25+00:00\",\"author\":{\"@id\":\"https:\/\/globalportalnews.com\/es\/#\/schema\/person\/4842ba4df9c7f27aac07a17d809e7bae\"},\"description\":\"Keir Starmer afirma contar con el apoyo de la mayor\u00eda del Partido Laborista mientras crecen las dudas internas por el caso Mandelson y la presi\u00f3n pol\u00edtica en Reino Unido.\",\"breadcrumb\":{\"@id\":\"https:\/\/globalportalnews.com\/es\/noticias-politica-uk\/keir-starmer-partido-laborista-apoyo-mandelson-elecciones\/#breadcrumb\"},\"inLanguage\":\"es\",\"potentialAction\":[{\"@type\":\"ReadAction\",\"target\":[\"https:\/\/globalportalnews.com\/es\/noticias-politica-uk\/keir-starmer-partido-laborista-apoyo-mandelson-elecciones\/\"]}]},{\"@type\":\"ImageObject\",\"inLanguage\":\"es\",\"@id\":\"https:\/\/globalportalnews.com\/es\/noticias-politica-uk\/keir-starmer-partido-laborista-apoyo-mandelson-elecciones\/#primaryimage\",\"url\":\"https:\/\/globalportalnews.com\/es\/wp-content\/uploads\/sites\/2\/2026\/03\/Prime_Minister_Keir_Starmer_NHS_10_Year_Plan_Consultation_in_London_United_Kingdom_on_21_October_2024_-_2.webp\",\"contentUrl\":\"https:\/\/globalportalnews.com\/es\/wp-content\/uploads\/sites\/2\/2026\/03\/Prime_Minister_Keir_Starmer_NHS_10_Year_Plan_Consultation_in_London_United_Kingdom_on_21_October_2024_-_2.webp\",\"width\":1920,\"height\":1080,\"caption\":\"Londres, Reino Unido. El primer ministro Keir Starmer y el secretario de Salud y Asistencia Social, Wes Streeting, presentan la consulta sobre el Plan Decenal del NHS en el Centro Dockside del Servicio de Ambulancias de Londres. Fotograf\u00eda de Simon Dawson \/ No 10 Downing Street\"},{\"@type\":\"BreadcrumbList\",\"@id\":\"https:\/\/globalportalnews.com\/es\/noticias-politica-uk\/keir-starmer-partido-laborista-apoyo-mandelson-elecciones\/#breadcrumb\",\"itemListElement\":[{\"@type\":\"ListItem\",\"position\":1,\"name\":\"Home\",\"item\":\"https:\/\/globalportalnews.com\/es\/\"},{\"@type\":\"ListItem\",\"position\":2,\"name\":\"\u00bfTiene Keir Starmer el apoyo del Partido Laborista? Asegura que s\u00ed y dice que puede ganar las elecciones\"}]},{\"@type\":\"WebSite\",\"@id\":\"https:\/\/globalportalnews.com\/es\/#website\",\"url\":\"https:\/\/globalportalnews.com\/es\/\",\"name\":\"GPN en Espa\u00f1ol\",\"description\":\"\",\"potentialAction\":[{\"@type\":\"SearchAction\",\"target\":{\"@type\":\"EntryPoint\",\"urlTemplate\":\"https:\/\/globalportalnews.com\/es\/?s={search_term_string}\"},\"query-input\":{\"@type\":\"PropertyValueSpecification\",\"valueRequired\":true,\"valueName\":\"search_term_string\"}}],\"inLanguage\":\"es\"},{\"@type\":\"Person\",\"@id\":\"https:\/\/globalportalnews.com\/es\/#\/schema\/person\/4842ba4df9c7f27aac07a17d809e7bae\",\"name\":\"globalportalnews@gmail.com\",\"image\":{\"@type\":\"ImageObject\",\"inLanguage\":\"es\",\"@id\":\"https:\/\/globalportalnews.com\/es\/#\/schema\/person\/image\/\",\"url\":\"https:\/\/secure.gravatar.com\/avatar\/9474166440bc2ec01e975169c24d0324?s=96&d=mm&r=g\",\"contentUrl\":\"https:\/\/secure.gravatar.com\/avatar\/9474166440bc2ec01e975169c24d0324?s=96&d=mm&r=g\",\"caption\":\"globalportalnews@gmail.com\"},\"sameAs\":[\"http:\/\/globalportalnews.com\"],\"url\":\"https:\/\/globalportalnews.com\/es\/author\/globalportalnewsgmail-com\/\"}]}<\/script>\n<!-- \/ Yoast SEO plugin. -->","yoast_head_json":{"title":"\u00bfTiene Keir Starmer el apoyo del Partido Laborista? Asegura que s\u00ed y dice que puede ganar las elecciones - GPN en Espa\u00f1ol","description":"Keir Starmer afirma contar con el apoyo de la mayor\u00eda del Partido Laborista mientras crecen las dudas internas por el caso Mandelson y la presi\u00f3n pol\u00edtica en Reino Unido.","robots":{"index":"index","follow":"follow","max-snippet":"max-snippet:-1","max-image-preview":"max-image-preview:large","max-video-preview":"max-video-preview:-1"},"canonical":"https:\/\/globalportalnews.com\/es\/noticias-politica-uk\/keir-starmer-partido-laborista-apoyo-mandelson-elecciones\/","og_locale":"es_ES","og_type":"article","og_title":"\u00bfTiene Keir Starmer el apoyo del Partido Laborista? Asegura que s\u00ed y dice que puede ganar las elecciones - GPN en Espa\u00f1ol","og_description":"Keir Starmer afirma contar con el apoyo de la mayor\u00eda del Partido Laborista mientras crecen las dudas internas por el caso Mandelson y la presi\u00f3n pol\u00edtica en Reino Unido.","og_url":"https:\/\/globalportalnews.com\/es\/noticias-politica-uk\/keir-starmer-partido-laborista-apoyo-mandelson-elecciones\/","og_site_name":"GPN en Espa\u00f1ol","article_published_time":"2026-04-26T14:19:06+00:00","article_modified_time":"2026-04-26T14:19:25+00:00","og_image":[{"width":1920,"height":1080,"url":"https:\/\/globalportalnews.com\/es\/wp-content\/uploads\/sites\/2\/2026\/03\/Prime_Minister_Keir_Starmer_NHS_10_Year_Plan_Consultation_in_London_United_Kingdom_on_21_October_2024_-_2.webp","type":"image\/webp"}],"author":"globalportalnews@gmail.com","twitter_card":"summary_large_image","twitter_misc":{"Escrito por":"globalportalnews@gmail.com","Tiempo de lectura":"7 minutos"},"schema":{"@context":"https:\/\/schema.org","@graph":[{"@type":"WebPage","@id":"https:\/\/globalportalnews.com\/es\/noticias-politica-uk\/keir-starmer-partido-laborista-apoyo-mandelson-elecciones\/","url":"https:\/\/globalportalnews.com\/es\/noticias-politica-uk\/keir-starmer-partido-laborista-apoyo-mandelson-elecciones\/","name":"\u00bfTiene Keir Starmer el apoyo del Partido Laborista? Asegura que s\u00ed y dice que puede ganar las elecciones - GPN en Espa\u00f1ol","isPartOf":{"@id":"https:\/\/globalportalnews.com\/es\/#website"},"primaryImageOfPage":{"@id":"https:\/\/globalportalnews.com\/es\/noticias-politica-uk\/keir-starmer-partido-laborista-apoyo-mandelson-elecciones\/#primaryimage"},"image":{"@id":"https:\/\/globalportalnews.com\/es\/noticias-politica-uk\/keir-starmer-partido-laborista-apoyo-mandelson-elecciones\/#primaryimage"},"thumbnailUrl":"https:\/\/globalportalnews.com\/es\/wp-content\/uploads\/sites\/2\/2026\/03\/Prime_Minister_Keir_Starmer_NHS_10_Year_Plan_Consultation_in_London_United_Kingdom_on_21_October_2024_-_2.webp","datePublished":"2026-04-26T14:19:06+00:00","dateModified":"2026-04-26T14:19:25+00:00","author":{"@id":"https:\/\/globalportalnews.com\/es\/#\/schema\/person\/4842ba4df9c7f27aac07a17d809e7bae"},"description":"Keir Starmer afirma contar con el apoyo de la mayor\u00eda del Partido Laborista mientras crecen las dudas internas por el caso Mandelson y la presi\u00f3n pol\u00edtica en Reino Unido.","breadcrumb":{"@id":"https:\/\/globalportalnews.com\/es\/noticias-politica-uk\/keir-starmer-partido-laborista-apoyo-mandelson-elecciones\/#breadcrumb"},"inLanguage":"es","potentialAction":[{"@type":"ReadAction","target":["https:\/\/globalportalnews.com\/es\/noticias-politica-uk\/keir-starmer-partido-laborista-apoyo-mandelson-elecciones\/"]}]},{"@type":"ImageObject","inLanguage":"es","@id":"https:\/\/globalportalnews.com\/es\/noticias-politica-uk\/keir-starmer-partido-laborista-apoyo-mandelson-elecciones\/#primaryimage","url":"https:\/\/globalportalnews.com\/es\/wp-content\/uploads\/sites\/2\/2026\/03\/Prime_Minister_Keir_Starmer_NHS_10_Year_Plan_Consultation_in_London_United_Kingdom_on_21_October_2024_-_2.webp","contentUrl":"https:\/\/globalportalnews.com\/es\/wp-content\/uploads\/sites\/2\/2026\/03\/Prime_Minister_Keir_Starmer_NHS_10_Year_Plan_Consultation_in_London_United_Kingdom_on_21_October_2024_-_2.webp","width":1920,"height":1080,"caption":"Londres, Reino Unido. El primer ministro Keir Starmer y el secretario de Salud y Asistencia Social, Wes Streeting, presentan la consulta sobre el Plan Decenal del NHS en el Centro Dockside del Servicio de Ambulancias de Londres. Fotograf\u00eda de Simon Dawson \/ No 10 Downing Street"},{"@type":"BreadcrumbList","@id":"https:\/\/globalportalnews.com\/es\/noticias-politica-uk\/keir-starmer-partido-laborista-apoyo-mandelson-elecciones\/#breadcrumb","itemListElement":[{"@type":"ListItem","position":1,"name":"Home","item":"https:\/\/globalportalnews.com\/es\/"},{"@type":"ListItem","position":2,"name":"\u00bfTiene Keir Starmer el apoyo del Partido Laborista? Asegura que s\u00ed y dice que puede ganar las elecciones"}]},{"@type":"WebSite","@id":"https:\/\/globalportalnews.com\/es\/#website","url":"https:\/\/globalportalnews.com\/es\/","name":"GPN en Espa\u00f1ol","description":"","potentialAction":[{"@type":"SearchAction","target":{"@type":"EntryPoint","urlTemplate":"https:\/\/globalportalnews.com\/es\/?s={search_term_string}"},"query-input":{"@type":"PropertyValueSpecification","valueRequired":true,"valueName":"search_term_string"}}],"inLanguage":"es"},{"@type":"Person","@id":"https:\/\/globalportalnews.com\/es\/#\/schema\/person\/4842ba4df9c7f27aac07a17d809e7bae","name":"globalportalnews@gmail.com","image":{"@type":"ImageObject","inLanguage":"es","@id":"https:\/\/globalportalnews.com\/es\/#\/schema\/person\/image\/","url":"https:\/\/secure.gravatar.com\/avatar\/9474166440bc2ec01e975169c24d0324?s=96&d=mm&r=g","contentUrl":"https:\/\/secure.gravatar.com\/avatar\/9474166440bc2ec01e975169c24d0324?s=96&d=mm&r=g","caption":"globalportalnews@gmail.com"},"sameAs":["http:\/\/globalportalnews.com"],"url":"https:\/\/globalportalnews.com\/es\/author\/globalportalnewsgmail-com\/"}]}},"_links":{"self":[{"href":"https:\/\/globalportalnews.com\/es\/wp-json\/wp\/v2\/posts\/4226","targetHints":{"allow":["GET"]}}],"collection":[{"href":"https:\/\/globalportalnews.com\/es\/wp-json\/wp\/v2\/posts"}],"about":[{"href":"https:\/\/globalportalnews.com\/es\/wp-json\/wp\/v2\/types\/post"}],"author":[{"embeddable":true,"href":"https:\/\/globalportalnews.com\/es\/wp-json\/wp\/v2\/users\/1"}],"replies":[{"embeddable":true,"href":"https:\/\/globalportalnews.com\/es\/wp-json\/wp\/v2\/comments?post=4226"}],"version-history":[{"count":5,"href":"https:\/\/globalportalnews.com\/es\/wp-json\/wp\/v2\/posts\/4226\/revisions"}],"predecessor-version":[{"id":4231,"href":"https:\/\/globalportalnews.com\/es\/wp-json\/wp\/v2\/posts\/4226\/revisions\/4231"}],"wp:featuredmedia":[{"embeddable":true,"href":"https:\/\/globalportalnews.com\/es\/wp-json\/wp\/v2\/media\/3767"}],"wp:attachment":[{"href":"https:\/\/globalportalnews.com\/es\/wp-json\/wp\/v2\/media?parent=4226"}],"wp:term":[{"taxonomy":"category","embeddable":true,"href":"https:\/\/globalportalnews.com\/es\/wp-json\/wp\/v2\/categories?post=4226"},{"taxonomy":"post_tag","embeddable":true,"href":"https:\/\/globalportalnews.com\/es\/wp-json\/wp\/v2\/tags?post=4226"}],"curies":[{"name":"wp","href":"https:\/\/api.w.org\/{rel}","templated":true}]}}